{"id":8287,"date":"2021-10-20T14:18:35","date_gmt":"2021-10-20T11:18:35","guid":{"rendered":"https:\/\/www.gerec.fi\/?p=8287"},"modified":"2021-10-20T14:19:15","modified_gmt":"2021-10-20T11:19:15","slug":"","status":"publish","type":"post","link":"https:\/\/www.gerec.fi\/en\/elinikaan-ja-vanhenemismuutoksiin-on-mahdollista-vaikuttaa-kertoo-hyvia-uutisia-vanhenemisesta-podcastsarjan-3-jakso\/","title":{"rendered":"","raw":""},"content":{"rendered":"","protected":false,"raw":""},"excerpt":{"rendered":"Voiko ik\u00e4\u00e4ntymisen biologisiin muutoksiin vaikuttaa? Uusimmassa Hyvi\u00e4 uutisia vanhenemisesta -podcastin jaksossa otetaan siit\u00e4 selv\u00e4\u00e4, kun ik\u00e4\u00e4ntymisen biologisista muutoksista ja niihin vaikuttamisesta keskustelevat tutkijatohtori Saara Marttila Tampereen yliopistosta ja akatemiatutkija Elina Sillanp\u00e4\u00e4 Jyv\u00e4skyl\u00e4n yliopistosta. Toimittajana on Radio Moreenin Pia Sivunen. Jakson\u00a0&hellip;","protected":false,"raw":""},"author":9,"featured_media":8288,"comment_status":"closed","ping_status":"closed","sticky":false,"template":"","format":"standard","meta":{"_mi_skip_tracking":false,"_fi_post_content":"<strong>Voiko ik\u00e4\u00e4ntymisen biologisiin muutoksiin vaikuttaa?<\/strong>\r\n\r\nUusimmassa Hyvi\u00e4 uutisia vanhenemisesta -podcastin jaksossa otetaan siit\u00e4 selv\u00e4\u00e4, kun ik\u00e4\u00e4ntymisen biologisista muutoksista ja niihin vaikuttamisesta keskustelevat tutkijatohtori Saara Marttila Tampereen yliopistosta ja akatemiatutkija Elina Sillanp\u00e4\u00e4 Jyv\u00e4skyl\u00e4n yliopistosta. Toimittajana on Radio Moreenin Pia Sivunen.\r\n\r\nJakson\u00a0 ja tutkittua tietoa vanhenemisen biologisista muutoksista l\u00f6yd\u00e4t SoundCloudista:\r\n\r\nhttps:\/\/soundcloud.com\/radio_moreeni\/elinikaan-ja-vanhenemismuutoksiin-on-mahdollista-vaikuttaa?in=radio_moreeni\/sets\/hyviae-uutisia-vanhenemisesta\r\n\r\nHyvi\u00e4 uutisia vanhenemisesta podcasteissa GEREC:n asiantuntijat kertovat tutkittua tietoa siit\u00e4, millaista el\u00e4m\u00e4mme on yh\u00e4 useamman meist\u00e4 el\u00e4ess\u00e4 yh\u00e4 pitemp\u00e4\u00e4n. Tavoitteena on lis\u00e4t\u00e4 ymm\u00e4rryst\u00e4 t\u00e4ysipainoisen el\u00e4m\u00e4n mahdollisuuksista eri ik\u00e4vaiheissa.\r\n\r\nLue lis\u00e4\u00e4\u00a0<a href=\"https:\/\/www.tuni.fi\/radiomoreeni\/2021\/08\/30\/nyt-puhutaan-tastakin-puolesta-vanhuus-on-myos-tyytyvaista-ja-toimintakykyista-aikaa\/\">Radio Moreenin sivuilta<\/a>\u00a0sek\u00e4 Gerontoblogin kirjoituksesta\u00a0<a href=\"https:\/\/www.gerec.fi\/luvassa-hyvia-uutisia-vanhenemisesta\/\">Luvassa hyvi\u00e4 uutisia vanhenemisesta<\/a>\r\n\r\nTutkitun tiedon teemavuosi on opetus- ja kulttuuriministeri\u00f6n, Suomen Akatemian ja Tieteellisten seurain valtuuskunnan yhteinen hanke, joka toteutetaan laajan yhteisty\u00f6verkon kanssa.\r\n\r\n<a href=\"https:\/\/tutkittutieto.fi\/mika-on-tutkitun-tiedon-teemavuosi\/\">Lue lis\u00e4\u00e4 Tutkitun tiedon teemavuodesta<\/a>\u00a0ja tutustu teemavuoden\u00a0<a href=\"https:\/\/tutkittutieto.fi\/tapahtumat\/\">tapahtumiin.<\/a>","_fi_post_name":"elinikaan-ja-vanhenemismuutoksiin-on-mahdollista-vaikuttaa-kertoo-hyvia-uutisia-vanhenemisesta-podcastsarjan-3-jakso","_fi_post_excerpt":"","_fi_post_title":"Elinik\u00e4\u00e4n ja vanhenemismuutoksiin on mahdollista vaikuttaa, kertoo Hyvi\u00e4 uutisia vanhenemisesta -podcastsarjan 3. jakso","_en_post_content":"","_en_post_name":"","_en_post_excerpt":"","_en_post_title":"","edit_language":"en","footnotes":""},"categories":[130],"tags":[],"class_list":["post-8287","post","type-post","status-publish","format-standard","has-post-thumbnail","hentry","category-tiedeuutiset","entry","has-media"],"_links":{"self":[{"href":"https:\/\/www.gerec.fi\/en\/wp-json\/wp\/v2\/posts\/8287","targetHints":{"allow":["GET"]}}],"collection":[{"href":"https:\/\/www.gerec.fi\/en\/wp-json\/wp\/v2\/posts"}],"about":[{"href":"https:\/\/www.gerec.fi\/en\/wp-json\/wp\/v2\/types\/post"}],"author":[{"embeddable":true,"href":"https:\/\/www.gerec.fi\/en\/wp-json\/wp\/v2\/users\/9"}],"replies":[{"embeddable":true,"href":"https:\/\/www.gerec.fi\/en\/wp-json\/wp\/v2\/comments?post=8287"}],"version-history":[{"count":1,"href":"https:\/\/www.gerec.fi\/en\/wp-json\/wp\/v2\/posts\/8287\/revisions"}],"predecessor-version":[{"id":8289,"href":"https:\/\/www.gerec.fi\/en\/wp-json\/wp\/v2\/posts\/8287\/revisions\/8289"}],"wp:featuredmedia":[{"embeddable":true,"href":"https:\/\/www.gerec.fi\/en\/wp-json\/wp\/v2\/media\/8288"}],"wp:attachment":[{"href":"https:\/\/www.gerec.fi\/en\/wp-json\/wp\/v2\/media?parent=8287"}],"wp:term":[{"taxonomy":"category","embeddable":true,"href":"https:\/\/www.gerec.fi\/en\/wp-json\/wp\/v2\/categories?post=8287"},{"taxonomy":"post_tag","embeddable":true,"href":"https:\/\/www.gerec.fi\/en\/wp-json\/wp\/v2\/tags?post=8287"}],"curies":[{"name":"wp","href":"https:\/\/api.w.org\/{rel}","templated":true}]}}