{"id":8267,"date":"2021-10-01T11:50:35","date_gmt":"2021-10-01T08:50:35","guid":{"rendered":"https:\/\/www.gerec.fi\/?p=8267"},"modified":"2021-10-01T11:50:35","modified_gmt":"2021-10-01T08:50:35","slug":"","status":"publish","type":"post","link":"https:\/\/www.gerec.fi\/en\/kysy-vanhenemisesta-tutkijat-vastaavat\/","title":{"rendered":"","raw":""},"content":{"rendered":"","protected":false,"raw":""},"excerpt":{"rendered":"Mit\u00e4 olet aina halunnut tiet\u00e4\u00e4 vanhenemisesta? Nyt on mahdollisuus kysy\u00e4 ik\u00e4\u00e4ntymisen tutkijoilta! Kiinnosti sinua sitten ik\u00e4\u00e4ntymiseen liittyv\u00e4t biologiset muutokset, terveys, ik\u00e4\u00e4ntyv\u00e4 yhteiskunta tai esimerkiksi el\u00e4k\u00f6itymisen polut, nyt sinulla on mahdollisuus kysy\u00e4 ja saada tutkittuun tietoon perustuvia vastauksia. Ker\u00e4\u00e4mme lokakuun ajan&hellip;","protected":false,"raw":""},"author":9,"featured_media":8268,"comment_status":"closed","ping_status":"closed","sticky":false,"template":"","format":"standard","meta":{"_mi_skip_tracking":false,"_fi_post_content":"<strong>Mit\u00e4 olet aina halunnut tiet\u00e4\u00e4 vanhenemisesta? Nyt on mahdollisuus kysy\u00e4 ik\u00e4\u00e4ntymisen tutkijoilta!<\/strong> Kiinnosti sinua sitten ik\u00e4\u00e4ntymiseen liittyv\u00e4t biologiset muutokset, terveys, ik\u00e4\u00e4ntyv\u00e4 yhteiskunta tai esimerkiksi el\u00e4k\u00f6itymisen polut, nyt sinulla on mahdollisuus kysy\u00e4 ja saada tutkittuun tietoon perustuvia vastauksia.\r\n\r\nKer\u00e4\u00e4mme lokakuun ajan kysymyksi\u00e4 vanhenemisesta osana Tutkitun tiedon teemavuotta ja GERECin <a href=\"https:\/\/www.gerec.fi\/luvassa-hyvia-uutisia-vanhenemisesta\/\">Hyvi\u00e4 uutisia vanhenemisesta ohjelmaa<\/a>. Kysymyksi\u00e4 ja tutkittuun tietoon perustuvia vastauksia julkaistaan GERECin kotisivuilla loppuvuoden aikana.\r\n\r\n<strong>Oman kysymyksen tai useamman voi l\u00e4hett\u00e4\u00e4 s\u00e4hk\u00f6postitse tiedesihteereille:<\/strong> <a href=\"mailto:niina.kajan@jyu.fi\">niina.kajan@jyu.fi<\/a> &amp; <a href=\"mailto:anniriikka.rantala@tuni.fi\">anniriikka.rantala@tuni.fi<\/a>\r\n\r\n<strong>L\u00e4het\u00e4th\u00e4n kysymyksesi lokakuun aikana.<\/strong>\r\n\r\nTutkitun tiedon teemavuosi on opetus- ja kulttuuriministeri\u00f6n, Suomen Akatemian ja Tieteellisten seurain valtuuskunnan yhteinen hanke, joka toteutetaan laajan yhteisty\u00f6verkon kanssa.\r\n\r\n<a href=\"https:\/\/tutkittutieto.fi\/mika-on-tutkitun-tiedon-teemavuosi\/\">Lue lis\u00e4\u00e4 Tutkitun tiedon teemavuodesta<\/a>\u00a0ja tutustu teemavuoden\u00a0<a href=\"https:\/\/tutkittutieto.fi\/tapahtumat\/\">tapahtumiin.<\/a>","_fi_post_name":"kysy-vanhenemisesta-tutkijat-vastaavat","_fi_post_excerpt":"","_fi_post_title":"Kysy vanhenemisesta - Tutkijat vastaavat!","_en_post_content":"","_en_post_name":"","_en_post_excerpt":"","_en_post_title":"","edit_language":"en","footnotes":""},"categories":[131],"tags":[],"class_list":["post-8267","post","type-post","status-publish","format-standard","has-post-thumbnail","hentry","category-tapahtumat","entry","has-media"],"_links":{"self":[{"href":"https:\/\/www.gerec.fi\/en\/wp-json\/wp\/v2\/posts\/8267","targetHints":{"allow":["GET"]}}],"collection":[{"href":"https:\/\/www.gerec.fi\/en\/wp-json\/wp\/v2\/posts"}],"about":[{"href":"https:\/\/www.gerec.fi\/en\/wp-json\/wp\/v2\/types\/post"}],"author":[{"embeddable":true,"href":"https:\/\/www.gerec.fi\/en\/wp-json\/wp\/v2\/users\/9"}],"replies":[{"embeddable":true,"href":"https:\/\/www.gerec.fi\/en\/wp-json\/wp\/v2\/comments?post=8267"}],"version-history":[{"count":1,"href":"https:\/\/www.gerec.fi\/en\/wp-json\/wp\/v2\/posts\/8267\/revisions"}],"predecessor-version":[{"id":8269,"href":"https:\/\/www.gerec.fi\/en\/wp-json\/wp\/v2\/posts\/8267\/revisions\/8269"}],"wp:featuredmedia":[{"embeddable":true,"href":"https:\/\/www.gerec.fi\/en\/wp-json\/wp\/v2\/media\/8268"}],"wp:attachment":[{"href":"https:\/\/www.gerec.fi\/en\/wp-json\/wp\/v2\/media?parent=8267"}],"wp:term":[{"taxonomy":"category","embeddable":true,"href":"https:\/\/www.gerec.fi\/en\/wp-json\/wp\/v2\/categories?post=8267"},{"taxonomy":"post_tag","embeddable":true,"href":"https:\/\/www.gerec.fi\/en\/wp-json\/wp\/v2\/tags?post=8267"}],"curies":[{"name":"wp","href":"https:\/\/api.w.org\/{rel}","templated":true}]}}