{"id":8250,"date":"2021-09-16T14:36:20","date_gmt":"2021-09-16T11:36:20","guid":{"rendered":"https:\/\/www.gerec.fi\/?p=8250"},"modified":"2021-09-16T14:36:20","modified_gmt":"2021-09-16T11:36:20","slug":"","status":"publish","type":"post","link":"https:\/\/www.gerec.fi\/en\/kirjoituskutsu-kokemuksia-korona-ajasta\/","title":{"rendered":"","raw":""},"content":{"rendered":"","protected":false,"raw":""},"excerpt":{"rendered":"GERECin ja CoEAgeCaren tutkija Paula Vasara ker\u00e4\u00e4 eri ik\u00e4isten kertomuksia korona-ajasta. Milt\u00e4 sinusta on tuntunut el\u00e4\u00e4 l\u00e4pi t\u00e4m\u00e4n ajan? Kerro kokemuksista korona-ajasta vastaamalla kaikille avoimeen kirjoituskutsuun. Kirjoituskutsu: Kokemuksia korona-ajasta Korona-ajan on usein v\u00e4itetty muuttaneen maailmaa. Kun yhteiskunta on sulkeutunut monin&hellip;","protected":false,"raw":""},"author":9,"featured_media":8251,"comment_status":"closed","ping_status":"closed","sticky":false,"template":"","format":"standard","meta":{"_mi_skip_tracking":false,"_fi_post_content":"<strong>GERECin ja CoEAgeCaren tutkija Paula Vasara <span class=\"css-901oao css-16my406 r-poiln3 r-bcqeeo r-qvutc0\">ker\u00e4\u00e4 eri ik\u00e4isten kertomuksia korona-ajasta. Milt\u00e4 sinusta on tuntunut el\u00e4\u00e4 l\u00e4pi t\u00e4m\u00e4n ajan? Kerro kokemuksista korona-ajasta vastaamalla kaikille avoimeen kirjoituskutsuun.<\/span><\/strong>\r\n<h4><strong>Kirjoituskutsu: Kokemuksia korona-ajasta<\/strong><\/h4>\r\nKorona-ajan on usein v\u00e4itetty muuttaneen maailmaa. Kun yhteiskunta on sulkeutunut monin tavoin, ihmisten k\u00e4ytt\u00e4ytymiseen on tullut erilaisia tapoja toimia ja viett\u00e4\u00e4 arkea. Nyt kun rajoituksia ollaan h\u00f6llent\u00e4m\u00e4ss\u00e4, on hyv\u00e4 aika luoda katse kuluneeseen poikkeusaikaan ja siihen, mit\u00e4 se ehk\u00e4 on tuonut tullessaan.\r\n\r\nT\u00e4ss\u00e4 kirjoituspyynn\u00f6ss\u00e4 on kiinnostuttu siit\u00e4, <strong>millaisena korona-aika on eri ihmisille n\u00e4ytt\u00e4ytynyt oman arjen n\u00e4k\u00f6kulmasta<\/strong>. Kerro kokemuksistasi: milt\u00e4 sinusta on tuntunut el\u00e4\u00e4 l\u00e4pi t\u00e4m\u00e4n ajan. Voit kertoa esimerkiksi jotain siit\u00e4, millaista el\u00e4m\u00e4si oli ennen korona-aikaa, sen aikana ja millaisia ajatuksia tulevaisuus sinussa her\u00e4tt\u00e4\u00e4. Voit vapaasti kirjoittaa siit\u00e4, mik\u00e4 t\u00e4ss\u00e4 ajassa tuntuu t\u00e4rke\u00e4lt\u00e4 ja merkitykselliselt\u00e4 juuri sinun n\u00e4k\u00f6kulmastasi.\r\n\r\nKirjoituksia ker\u00e4t\u00e4\u00e4n <strong>vuoden 2021 loppuun saakka Pennan kautta<\/strong>; se on Tietoarkiston yll\u00e4pit\u00e4m\u00e4 kirjoitusaineistojen ker\u00e4\u00e4miseen tarkoitettu verkkoalusta. Kirjoitustasi k\u00e4ytet\u00e4\u00e4n Ik\u00e4\u00e4ntymisen ja hoivan tutkimuksen huippuyksik\u00f6n (CoE AgeCare) tutkimuksissa ja se arkistoidaan pysyv\u00e4sti Yhteiskuntatieteelliseen tietoarkistoon my\u00f6hemp\u00e4\u00e4 tutkimus-, opetus- ja opiskeluk\u00e4ytt\u00f6\u00e4 varten, jos annat siihen luvan. Osallistuminen ei vaadi rekister\u00f6itymist\u00e4 ja tietoja k\u00e4sitell\u00e4\u00e4n tietosuojalain mukaisesti (lis\u00e4\u00e4 tietosuojasta: <a href=\"https:\/\/eur03.safelinks.protection.outlook.com\/?url=https%3A%2F%2Fservices.fsd.tuni.fi%2Fpenna%2Ftietosuoja&amp;data=04%7C01%7C%7Cb86086663bdc439b874f08d978f86506%7Ce9662d58caa44bc1b138c8b1acab5a11%7C1%7C0%7C637673830954029389%7CUnknown%7CTWFpbGZsb3d8eyJWIjoiMC4wLjAwMDAiLCJQIjoiV2luMzIiLCJBTiI6Ik1haWwiLCJXVCI6Mn0%3D%7C3000&amp;sdata=fwOxme9gPgjmTfR9ZyBW7fNgMVhrT8rSxjAMhyy9SxE%3D&amp;reserved=0\">https:\/\/services.fsd.tuni.fi\/penna\/tietosuoja<\/a>).\r\n\r\n<strong>Linkki kirjoituskutsuun <a href=\"https:\/\/eur03.safelinks.protection.outlook.com\/?url=https%3A%2F%2Fservices.fsd.tuni.fi%2Fpenna%2Fkoronakokemukset%2F47&amp;data=04%7C01%7C%7Cb86086663bdc439b874f08d978f86506%7Ce9662d58caa44bc1b138c8b1acab5a11%7C1%7C0%7C637673830954039381%7CUnknown%7CTWFpbGZsb3d8eyJWIjoiMC4wLjAwMDAiLCJQIjoiV2luMzIiLCJBTiI6Ik1haWwiLCJXVCI6Mn0%3D%7C3000&amp;sdata=4IpBLN1tNiF77dh%2FXoh2FTiAZkboNssjiXKRmW1%2BCJ4%3D&amp;reserved=0\">https:\/\/services.fsd.tuni.fi\/penna\/koronakokemukset\/47<\/a>\u00a0<\/strong>\r\n\r\nKutsua saa vapaasti jakaa - <strong>jokainen on tervetullut osallistumaan<\/strong>!\r\n\r\nLis\u00e4tietoja:\r\nPaula Vasara\r\nTutkijatohtori\r\nCoe AgeCare\r\nJyv\u00e4skyl\u00e4n yliopisto\r\n<a href=\"mailto:paula.vasara@jyu.fi\">paula.vasara@jyu.fi<\/a>\r\n040\u00a0805 4193","_fi_post_name":"kirjoituskutsu-kokemuksia-korona-ajasta","_fi_post_excerpt":"","_fi_post_title":"Kirjoituskutsu: Kokemuksia korona-ajasta","_en_post_content":"","_en_post_name":"","_en_post_excerpt":"","_en_post_title":"","edit_language":"en","footnotes":""},"categories":[130],"tags":[],"class_list":["post-8250","post","type-post","status-publish","format-standard","has-post-thumbnail","hentry","category-tiedeuutiset","entry","has-media"],"_links":{"self":[{"href":"https:\/\/www.gerec.fi\/en\/wp-json\/wp\/v2\/posts\/8250","targetHints":{"allow":["GET"]}}],"collection":[{"href":"https:\/\/www.gerec.fi\/en\/wp-json\/wp\/v2\/posts"}],"about":[{"href":"https:\/\/www.gerec.fi\/en\/wp-json\/wp\/v2\/types\/post"}],"author":[{"embeddable":true,"href":"https:\/\/www.gerec.fi\/en\/wp-json\/wp\/v2\/users\/9"}],"replies":[{"embeddable":true,"href":"https:\/\/www.gerec.fi\/en\/wp-json\/wp\/v2\/comments?post=8250"}],"version-history":[{"count":1,"href":"https:\/\/www.gerec.fi\/en\/wp-json\/wp\/v2\/posts\/8250\/revisions"}],"predecessor-version":[{"id":8252,"href":"https:\/\/www.gerec.fi\/en\/wp-json\/wp\/v2\/posts\/8250\/revisions\/8252"}],"wp:featuredmedia":[{"embeddable":true,"href":"https:\/\/www.gerec.fi\/en\/wp-json\/wp\/v2\/media\/8251"}],"wp:attachment":[{"href":"https:\/\/www.gerec.fi\/en\/wp-json\/wp\/v2\/media?parent=8250"}],"wp:term":[{"taxonomy":"category","embeddable":true,"href":"https:\/\/www.gerec.fi\/en\/wp-json\/wp\/v2\/categories?post=8250"},{"taxonomy":"post_tag","embeddable":true,"href":"https:\/\/www.gerec.fi\/en\/wp-json\/wp\/v2\/tags?post=8250"}],"curies":[{"name":"wp","href":"https:\/\/api.w.org\/{rel}","templated":true}]}}