{"id":8227,"date":"2021-08-30T13:46:55","date_gmt":"2021-08-30T10:46:55","guid":{"rendered":"https:\/\/www.gerec.fi\/?p=8227"},"modified":"2021-08-30T13:52:44","modified_gmt":"2021-08-30T10:52:44","slug":"","status":"publish","type":"post","link":"https:\/\/www.gerec.fi\/en\/hyvia-uutisia-vanhenemisesta-podcast-sarjan-ensimmainen-jakso-on-julkaistu\/","title":{"rendered":"","raw":""},"content":{"rendered":"","protected":false,"raw":""},"excerpt":{"rendered":"Hyvi\u00e4 uutisia vanhenemisesta podcast-sarjan ensimm\u00e4inen jakso on julkaistu ja kuunneltavissa! Ensimm\u00e4isess\u00e4 jaksossa k\u00e4sitell\u00e4\u00e4n muistisairauksia ja hyv\u00e4\u00e4 el\u00e4m\u00e4\u00e4 sek\u00e4 aivoterveyden edist\u00e4mist\u00e4. Jaksossa keskustelevat tutkijatohtori, dosentti Mari Aaltonen ja tenure track -professori Jenni Kulmala Tampereen yliopistosta. Toimittajana on Pia Sivunen Radio Moreenista.&hellip;","protected":false,"raw":""},"author":9,"featured_media":8230,"comment_status":"closed","ping_status":"closed","sticky":false,"template":"","format":"standard","meta":{"_mi_skip_tracking":false,"_fi_post_content":"<strong>Hyvi\u00e4 uutisia vanhenemisesta podcast-sarjan ensimm\u00e4inen jakso on julkaistu ja kuunneltavissa!<\/strong>\r\n\r\n<span class=\"d2edcug0 hpfvmrgz qv66sw1b c1et5uql lr9zc1uh a8c37x1j keod5gw0 nxhoafnm aigsh9s9 d3f4x2em fe6kdd0r mau55g9w c8b282yb iv3no6db jq4qci2q a3bd9o3v b1v8xokw oo9gr5id hzawbc8m\" dir=\"auto\">Ensimm\u00e4isess\u00e4 jaksossa k\u00e4sitell\u00e4\u00e4n muistisairauksia ja hyv\u00e4\u00e4 el\u00e4m\u00e4\u00e4 sek\u00e4 aivoterveyden edist\u00e4mist\u00e4. Jaksossa keskustelevat tutkijatohtori, dosentti Mari Aaltonen ja tenure track -professori Jenni Kulmala Tampereen yliopistosta. Toimittajana on Pia Sivunen Radio Moreenista. Ensimm\u00e4isen jakson ja podcast-sarjan l\u00f6yd\u00e4t SoundCloudista: <\/span><a href=\"https:\/\/soundcloud.com\/radio_moreeni\/sets\/hyviae-uutisia-vanhenemisesta\">https:\/\/soundcloud.com\/radio_moreeni\/sets\/hyviae-uutisia-vanhenemisesta<\/a>\r\n\r\nHyvi\u00e4 uutisia vanhenemisesta podcast-sarja on osa Gerontologian tutkimuskeskus GEREC:n Tutkitun tiedon teemavuoden ohjelmaa. Podcastit on toteutettu Radio Moreenin kanssa ja ne p\u00e4ivittyv\u00e4t <a href=\"https:\/\/soundcloud.com\/radio_moreeni\/sets\/hyviae-uutisia-vanhenemisesta\">SoundCloudiin<\/a>.\r\n\r\nHyvi\u00e4 uutisia vanhenemisesta podcasteissa GEREC:n asiantuntijat kertovat tutkittua tietoa siit\u00e4, millaista el\u00e4m\u00e4mme on yh\u00e4 useamman meist\u00e4 el\u00e4ess\u00e4 yh\u00e4 pitemp\u00e4\u00e4n. Tavoitteena on lis\u00e4t\u00e4 ymm\u00e4rryst\u00e4 t\u00e4ysipainoisen el\u00e4m\u00e4n mahdollisuuksista eri ik\u00e4vaiheissa.\r\n\r\nLue lis\u00e4\u00e4 <a href=\"https:\/\/www.tuni.fi\/radiomoreeni\/2021\/08\/30\/nyt-puhutaan-tastakin-puolesta-vanhuus-on-myos-tyytyvaista-ja-toimintakykyista-aikaa\/\">Radio Moreenin sivuilta<\/a> sek\u00e4 Gerontoblogin kirjoituksesta <a href=\"https:\/\/www.gerec.fi\/luvassa-hyvia-uutisia-vanhenemisesta\/\">Luvassa hyvi\u00e4 uutisia vanhenemisesta<\/a>\r\n\r\n&nbsp;\r\n\r\nTutkitun tiedon teemavuosi on opetus- ja kulttuuriministeri\u00f6n, Suomen Akatemian ja Tieteellisten seurain valtuuskunnan yhteinen hanke, joka toteutetaan laajan yhteisty\u00f6verkon kanssa.\r\n\r\n<a href=\"https:\/\/tutkittutieto.fi\/mika-on-tutkitun-tiedon-teemavuosi\/\">Lue lis\u00e4\u00e4 Tutkitun tiedon teemavuodesta<\/a> ja tutustu teemavuoden <a href=\"https:\/\/tutkittutieto.fi\/tapahtumat\/\">tapahtumiin.<\/a>","_fi_post_name":"hyvia-uutisia-vanhenemisesta-podcast-sarjan-ensimmainen-jakso-on-julkaistu","_fi_post_excerpt":"","_fi_post_title":"Hyvi\u00e4 uutisia vanhenemisesta podcast-sarjan ensimm\u00e4inen jakso on julkaistu","_en_post_content":"","_en_post_name":"","_en_post_excerpt":"","_en_post_title":"","edit_language":"en","footnotes":""},"categories":[130],"tags":[],"class_list":["post-8227","post","type-post","status-publish","format-standard","has-post-thumbnail","hentry","category-tiedeuutiset","entry","has-media"],"_links":{"self":[{"href":"https:\/\/www.gerec.fi\/en\/wp-json\/wp\/v2\/posts\/8227","targetHints":{"allow":["GET"]}}],"collection":[{"href":"https:\/\/www.gerec.fi\/en\/wp-json\/wp\/v2\/posts"}],"about":[{"href":"https:\/\/www.gerec.fi\/en\/wp-json\/wp\/v2\/types\/post"}],"author":[{"embeddable":true,"href":"https:\/\/www.gerec.fi\/en\/wp-json\/wp\/v2\/users\/9"}],"replies":[{"embeddable":true,"href":"https:\/\/www.gerec.fi\/en\/wp-json\/wp\/v2\/comments?post=8227"}],"version-history":[{"count":1,"href":"https:\/\/www.gerec.fi\/en\/wp-json\/wp\/v2\/posts\/8227\/revisions"}],"predecessor-version":[{"id":8229,"href":"https:\/\/www.gerec.fi\/en\/wp-json\/wp\/v2\/posts\/8227\/revisions\/8229"}],"wp:featuredmedia":[{"embeddable":true,"href":"https:\/\/www.gerec.fi\/en\/wp-json\/wp\/v2\/media\/8230"}],"wp:attachment":[{"href":"https:\/\/www.gerec.fi\/en\/wp-json\/wp\/v2\/media?parent=8227"}],"wp:term":[{"taxonomy":"category","embeddable":true,"href":"https:\/\/www.gerec.fi\/en\/wp-json\/wp\/v2\/categories?post=8227"},{"taxonomy":"post_tag","embeddable":true,"href":"https:\/\/www.gerec.fi\/en\/wp-json\/wp\/v2\/tags?post=8227"}],"curies":[{"name":"wp","href":"https:\/\/api.w.org\/{rel}","templated":true}]}}