{"id":8213,"date":"2021-08-19T09:07:20","date_gmt":"2021-08-19T06:07:20","guid":{"rendered":"https:\/\/www.gerec.fi\/?p=8213"},"modified":"2021-08-19T10:03:25","modified_gmt":"2021-08-19T07:03:25","slug":"","status":"publish","type":"post","link":"https:\/\/www.gerec.fi\/en\/luvassa-hyvia-uutisia-vanhenemisesta\/","title":{"rendered":"","raw":""},"content":{"rendered":"","protected":false,"raw":""},"excerpt":{"rendered":"Gerontologian tutkimuskeskus GEREC on mukana Tutkitun tiedon teemavuoden ohjelmassa jakamassa Hyvi\u00e4 uutisia vanhenemisesta. &nbsp; El\u00e4mme yh\u00e4 pidemp\u00e4\u00e4n tervein\u00e4 ja toimintakykyisin\u00e4. Jos joku kysyisi, millaisia uutisia ja artikkeleita olet lukenut viimeksi vanhenemisesta, tulisiko mieleesi toivoa antavat n\u00e4k\u00f6kulmat vai uhkakuvat? Ajatuksiin nousee&hellip;","protected":false,"raw":""},"author":9,"featured_media":8216,"comment_status":"closed","ping_status":"closed","sticky":false,"template":"","format":"standard","meta":{"_mi_skip_tracking":false,"_fi_post_content":"<strong>Gerontologian tutkimuskeskus GEREC on mukana Tutkitun tiedon teemavuoden ohjelmassa jakamassa Hyvi\u00e4 uutisia vanhenemisesta. <\/strong>\r\n\r\n&nbsp;\r\n\r\nEl\u00e4mme yh\u00e4 pidemp\u00e4\u00e4n tervein\u00e4 ja toimintakykyisin\u00e4. Jos joku kysyisi, millaisia uutisia ja artikkeleita olet lukenut viimeksi vanhenemisesta, tulisiko mieleesi toivoa antavat n\u00e4k\u00f6kulmat vai uhkakuvat? Ajatuksiin nousee helposti talousperustaiset ja huonoa hoivaa, yksin\u00e4isyytt\u00e4 tai hoivan puutetta koskevat uutiset ja i\u00e4n tuomien muutosten problematisointi. T\u00e4llaiset uutiset ruokkivat vanhenemiseen liittyvi\u00e4 pelkoja ja negatiivista mediakuvaa siit\u00e4kin huolimatta, ett\u00e4 useat tutkimukset kertovat pidentyneest\u00e4 elini\u00e4st\u00e4, parantuneesta toimintakyvyst\u00e4 ja tyytyv\u00e4isyydest\u00e4 el\u00e4m\u00e4\u00e4n mahdollisista vastoink\u00e4ymisist\u00e4 huolimatta.\r\n\r\nElini\u00e4n piteneminen, vanheneminen, on ollut ihmiskunnan haave ja tavoite, mutta muistammeko iloita ja tarkastella uteliaina t\u00e4m\u00e4n tavoitteen toteutumista? On totta, ett\u00e4 vanhenemiseen ja ik\u00e4\u00e4ntyv\u00e4\u00e4n yhteiskuntaan liittyy ongelmia ja vakavia puutteita, jotka kaipaavat kipe\u00e4sti ratkaisua ja joiden eteen tutkijat niin Gerontologian tutkimuskeskuksessa kuin yliopistoissa ja tutkimuslaitoksissa ymp\u00e4ri maailmaa tekev\u00e4t uutterasti t\u00f6it\u00e4. Keskittyess\u00e4mme uhkakuviin ja ongelmiin saatamme kuitenkin helposti unohtaa, mit\u00e4 ilon ja toivon aiheita vanhenemisesta voisimme l\u00f6yt\u00e4\u00e4.\r\n\r\nTutkijatohtori Milla Saajanaho pohti <a href=\"https:\/\/www.gerec.fi\/mita-ihmetta-vanhenemisen-tutkijat-ajattelevat-vanhenemisesta\/\"><strong>kes\u00e4kuun blogikirjoituksessa<\/strong><\/a> mielikuvia vanhenemisesta ja kysyi, mit\u00e4 vanhenemisen tutkijat ajattelevat ik\u00e4\u00e4ntymisest\u00e4: <em>\u201dMietin, mit\u00e4h\u00e4n vanhenemisen tutkijat ajattelevat vanhenemisesta. Pidet\u00e4\u00e4nk\u00f6 sit\u00e4 ongelmana, joka tulee ratkaista? Olenko yksi harvoista, joka ajattelee vanhenemisessa olevan jotain hienoa ja kiehtovaa \u2013 sen ainakin haluan kokea! Ja tutkia ja ymm\u00e4rt\u00e4\u00e4 paremmin juuri sit\u00e4, mik\u00e4 tekee vanhenemisesta ihmeellist\u00e4: useimmat ovat tyytyv\u00e4isi\u00e4 el\u00e4m\u00e4\u00e4ns\u00e4, vaikka terveys ja toimintakyky olisikin heikentynyt tai el\u00e4m\u00e4ss\u00e4 tullut vastaan muita vastoink\u00e4ymisi\u00e4.\u201d<\/em>\r\n\r\nYll\u00e4oleva lainaus Millan kirjoituksesta puhuttelee edelleen ja her\u00e4ttelee tarkastelemaan vanhenemista kiehtovana ja ihmeellisen\u00e4 asiana. T\u00e4m\u00e4 ajatus kantaa my\u00f6s syksyyn ja tutkimuskeskuksemme syksyn ohjelmaan: <a href=\"https:\/\/tutkittutieto.fi\/mika-on-tutkitun-tiedon-teemavuosi\/\">Tutkitun tiedon teemavuoteen<\/a> ja sen puitteissa toteutettavaan Hyvi\u00e4 uutisia vanhenemisesta kokonaisuuteen.\r\n\r\n<strong>Hyvi\u00e4 uutisia vanhenemisesta jaetaan syksyn aikana monikanavaisesti <\/strong>\r\n\r\nHyv\u00e4t uutiset vanhenemisesta perustuvat Gerontologian tutkimuskeskuksen tutkijoiden tekem\u00e4\u00e4n monitieteiseen ja monipuoliseen ik\u00e4\u00e4ntymisen tutkimukseen. Tavoitteenamme on tuoda esiin tutkimustietoa ik\u00e4\u00e4ntymisest\u00e4 ja monipuolistaa k\u00e4sityksi\u00e4 vanhenemisesta tutkitun tiedon avulla.\r\n\r\nHyvi\u00e4 uutisia vanhenemisesta jaetaan monikanavaisesti:\r\n<ul>\r\n \t<li>Blogipostauksissa Gerontoblogissa<\/li>\r\n \t<li>Radio Moreenin kanssa toteutettavassa podcast-sarjassa Hyvi\u00e4 uutisia vanhenemisesta<\/li>\r\n \t<li>Tutkijoiden y\u00f6ss\u00e4 24.9.<\/li>\r\n \t<li>Tutkimuskeskuksen some-kanavissa ja mediayhteisty\u00f6n\u00e4 paikallisissa medioissa<\/li>\r\n \t<li>Muissa Tutkitun tiedon teemavuoteen ja tutkimuskeskuksen toimintaan sopivissa yhteyksiss\u00e4 ja tapahtumissa<\/li>\r\n<\/ul>\r\nHyvi\u00e4 uutisia vanhenemisesta ohjelman kokonaisuudet p\u00e4ivittyv\u00e4t tutkimuskeskuksen kotisivujen Ajankohtaista-sivulle. Uusista blogipostauksista ja podcast-jaksoista tiedotetaan GEREC:n sosiaalisen median kanavissa <a href=\"https:\/\/www.facebook.com\/gerecfi\">Facebookissa<\/a> ja <a href=\"https:\/\/twitter.com\/home\">Twitteriss\u00e4<\/a>, jotka kannattaa ottaa seurantaan.\r\n\r\nTervetuloa mukaan lukemaan ja kuuntelemaan Hyvi\u00e4 uutisia vanhenemisesta syksyn 2021 ajan!\r\n\r\n&nbsp;\r\n\r\nJos sinulla on kysytt\u00e4v\u00e4\u00e4 aiheeseen liittyen, ota rohkeasti yhteytt\u00e4 tiedesihteereihimme:\r\n\r\nTampereen yliopisto: Anniriikka Rantala, anniriikka.rantala@tuni.fi\r\n\r\nJyv\u00e4skyl\u00e4n yliopisto: Niina Kajan, niina.kajan@jyu.fi\r\n\r\n&nbsp;\r\n\r\nTutkitun tiedon teemavuosi on opetus- ja kulttuuriministeri\u00f6n, Suomen Akatemian ja Tieteellisten seurain valtuuskunnan yhteinen hanke, joka toteutetaan laajan yhteisty\u00f6verkon kanssa.\r\n\r\n<a href=\"https:\/\/tutkittutieto.fi\/mika-on-tutkitun-tiedon-teemavuosi\/\">Lue lis\u00e4\u00e4 Tutkitun tiedon teemavuodesta<\/a> ja tutustu teemavuoden <a href=\"https:\/\/tutkittutieto.fi\/tapahtumat\/\">tapahtumiin.<\/a>\r\n\r\n<img class=\"alignnone size-full wp-image-8217\" src=\"https:\/\/www.gerec.fi\/wp-content\/uploads\/2021\/08\/SA_tunnus_ympyra_vihrea_rgb.png\" alt=\"\" width=\"134\" height=\"134\" \/>","_fi_post_name":"luvassa-hyvia-uutisia-vanhenemisesta","_fi_post_excerpt":"","_fi_post_title":"Luvassa hyvi\u00e4 uutisia vanhenemisesta","_en_post_content":"","_en_post_name":"","_en_post_excerpt":"","_en_post_title":"","edit_language":"en","footnotes":""},"categories":[132],"tags":[],"class_list":["post-8213","post","type-post","status-publish","format-standard","has-post-thumbnail","hentry","category-blogi","entry","has-media"],"_links":{"self":[{"href":"https:\/\/www.gerec.fi\/en\/wp-json\/wp\/v2\/posts\/8213","targetHints":{"allow":["GET"]}}],"collection":[{"href":"https:\/\/www.gerec.fi\/en\/wp-json\/wp\/v2\/posts"}],"about":[{"href":"https:\/\/www.gerec.fi\/en\/wp-json\/wp\/v2\/types\/post"}],"author":[{"embeddable":true,"href":"https:\/\/www.gerec.fi\/en\/wp-json\/wp\/v2\/users\/9"}],"replies":[{"embeddable":true,"href":"https:\/\/www.gerec.fi\/en\/wp-json\/wp\/v2\/comments?post=8213"}],"version-history":[{"count":5,"href":"https:\/\/www.gerec.fi\/en\/wp-json\/wp\/v2\/posts\/8213\/revisions"}],"predecessor-version":[{"id":8222,"href":"https:\/\/www.gerec.fi\/en\/wp-json\/wp\/v2\/posts\/8213\/revisions\/8222"}],"wp:featuredmedia":[{"embeddable":true,"href":"https:\/\/www.gerec.fi\/en\/wp-json\/wp\/v2\/media\/8216"}],"wp:attachment":[{"href":"https:\/\/www.gerec.fi\/en\/wp-json\/wp\/v2\/media?parent=8213"}],"wp:term":[{"taxonomy":"category","embeddable":true,"href":"https:\/\/www.gerec.fi\/en\/wp-json\/wp\/v2\/categories?post=8213"},{"taxonomy":"post_tag","embeddable":true,"href":"https:\/\/www.gerec.fi\/en\/wp-json\/wp\/v2\/tags?post=8213"}],"curies":[{"name":"wp","href":"https:\/\/api.w.org\/{rel}","templated":true}]}}