{"id":8170,"date":"2021-08-04T14:40:17","date_gmt":"2021-08-04T11:40:17","guid":{"rendered":"https:\/\/www.gerec.fi\/?p=8170"},"modified":"2021-08-04T14:41:16","modified_gmt":"2021-08-04T11:41:16","slug":"","status":"publish","type":"post","link":"https:\/\/www.gerec.fi\/en\/vaitos-27-8-2021-vilhelmiina-lehto-niskala-ikaantyneen-oma-nakokulma-seka-laheisten-ja-pitkaaikaishoidon-hoitajien-kasitykset-tarkeita-toimintakykya-maariteltaessa\/","title":{"rendered":"","raw":""},"content":{"rendered":"","protected":false,"raw":""},"excerpt":{"rendered":"Ik\u00e4\u00e4ntyneen ihmisen toimintakyvyn arviointi ja yll\u00e4pit\u00e4minen ovat keskeisi\u00e4 ik\u00e4\u00e4ntymispolitiikan tavoitteita. Tavoitteiden saavuttaminen voi kuitenkin olla hankalaa, jos k\u00e4sitykset toimintakyvyst\u00e4 ja kuntoutuksesta eroavat eri toimijoiden v\u00e4lill\u00e4. GEREC:n ja CoEAgeCare:n v\u00e4it\u00f6skirjatutkija Vilhelmiina Lehto-Niskala tarkastelee v\u00e4it\u00f6skirjassaan toimintakyvyn ja kuntoutuksen k\u00e4sityksi\u00e4 ymp\u00e4rivuorokautisen hoidon asukkaiden,&hellip;","protected":false,"raw":""},"author":9,"featured_media":8171,"comment_status":"closed","ping_status":"closed","sticky":false,"template":"","format":"standard","meta":{"_mi_skip_tracking":false,"_fi_post_content":"<div class=\"field field--field-ingress field--field-ingress--event field--field-ingress--event--full\">\r\n<div class=\"field__content field__content--field-ingress field__content--field-ingress--event field__content--field-ingress--event--full\">\r\n<div class=\"field__value field__value--field-ingress field__value--field-ingress--event field__value--field-ingress--event--full\"><strong>Ik\u00e4\u00e4ntyneen ihmisen toimintakyvyn arviointi ja yll\u00e4pit\u00e4minen ovat keskeisi\u00e4 ik\u00e4\u00e4ntymispolitiikan tavoitteita. Tavoitteiden saavuttaminen voi kuitenkin olla hankalaa, jos k\u00e4sitykset toimintakyvyst\u00e4 ja kuntoutuksesta eroavat eri toimijoiden v\u00e4lill\u00e4. GEREC:n ja CoEAgeCare:n v\u00e4it\u00f6skirjatutkija Vilhelmiina Lehto-Niskala tarkastelee v\u00e4it\u00f6skirjassaan toimintakyvyn ja kuntoutuksen k\u00e4sityksi\u00e4 ymp\u00e4rivuorokautisen hoidon asukkaiden, heid\u00e4n perheenj\u00e4sentens\u00e4 sek\u00e4 hoitajien n\u00e4k\u00f6kulmasta.<\/strong><\/div>\r\n<\/div>\r\n<\/div>\r\n<div class=\"field field--field-body field--field-body--event field--field-body--event--full clearfix text-formatted\">\r\n<div class=\"field__content field__content--field-body field__content--field-body--event field__content--field-body--event--full\">\r\n<div class=\"field__value field__value--field-body field__value--field-body--event field__value--field-body--event--full\">\r\n\r\nToimintakyky ja sen tukemiseen t\u00e4ht\u00e4\u00e4v\u00e4t toiminnot ovat osittain ep\u00e4selvi\u00e4 ja monitulkintaisia ik\u00e4\u00e4ntyneiden ymp\u00e4rivuorokautisessa pitk\u00e4aikaishoidossa. Vilhelmiina Lehto-Niskala haastatteli v\u00e4it\u00f6skirjaansa varten ik\u00e4\u00e4ntyneiden ymp\u00e4rivuorokautisen pitk\u00e4aikaishoidon asukkaita, heid\u00e4n perheenj\u00e4seni\u00e4\u00e4n sek\u00e4 pitk\u00e4aikaishoidossa ty\u00f6skentelevi\u00e4 hoitajia. Haastateltavien puheessa toimintakyky merkitsi jokap\u00e4iv\u00e4iseen el\u00e4m\u00e4\u00e4n liittyv\u00e4\u00e4 laajaa k\u00e4sitett\u00e4, mutta my\u00f6s konkreettisia ja mitattavia toimintoja. Kuntoutus n\u00e4htiin t\u00e4rke\u00e4n\u00e4 osana ik\u00e4\u00e4ntyneiden palveluita, mutta se oli ymp\u00e4rivuorokatuisen hoidon kohdalla hankalasti m\u00e4\u00e4ritelt\u00e4viss\u00e4.\r\n\r\n\u2013 Toimintakyvyst\u00e4 ja sen tukemisesta puhuttiin yht\u00e4\u00e4lt\u00e4 hoivapolitiikan ja sen sanaston kautta ja toisaalta hoidon arjen l\u00e4ht\u00f6kohdista, Lehto-Niskala summaa tutkimuksensa tuloksia.\r\n\r\nToimintakyvyn arviointi sek\u00e4 toimintakyvyn yll\u00e4pit\u00e4minen ja kuntoutus ovat t\u00e4rkeit\u00e4 tavoitteita sek\u00e4 ik\u00e4\u00e4ntymispolitiikassa ett\u00e4 hoidon k\u00e4yt\u00e4nn\u00f6iss\u00e4.\r\n\r\n\u2013 On t\u00e4rke\u00e4\u00e4, ett\u00e4 ik\u00e4\u00e4ntyneen ihmisen toimintakyvyst\u00e4 puhuttaessa otetaan huomioon sek\u00e4 ik\u00e4\u00e4ntyneen itsens\u00e4 ett\u00e4 h\u00e4nen l\u00e4heisens\u00e4 n\u00e4k\u00f6kulmat, Lehto-Niskala painottaa.\r\n\r\nYmp\u00e4rivuorokautisen hoidon asukkaat, perheenj\u00e4senet sek\u00e4 hoitajat ovat keskeisi\u00e4 toimijoita p\u00e4ivitt\u00e4isess\u00e4 hoidossa ja sen onnistumisessa. Heid\u00e4n arvionsa omasta, l\u00e4heisen tai hoidettavan toimintakyvyst\u00e4 on otettava huomioon, jotta kokonaisvaltainen k\u00e4sitys toimintakyvyst\u00e4 ja sen tukemiseen tarvittavista toimista olisi mahdollista saavuttaa.\r\n\r\n\u2013 Jotta toimintakyky\u00e4 voitaisiin parhaalla mahdollisella tavalla tukea, on ymp\u00e4rivuorokautisessa hoidossa panostettava riitt\u00e4v\u00e4\u00e4n l\u00e4sn\u00e4oloon, vuorovaikutukseen sek\u00e4 hoidon jatkuvuuteen, Lehto-Niskala sanoo.\r\n\r\nVilhelmiina Lehto-Niskala on kotoisin Lahdesta ja asuu t\u00e4ll\u00e4 hetkell\u00e4 Helsingiss\u00e4. H\u00e4n ty\u00f6skentelee Tampereen yliopiston yhteiskuntatieteiden tiedekunnassa Suomen akatemian rahoittaman ik\u00e4\u00e4ntymisen ja hoivan tutkimuksen huippuyksik\u00f6n tutkijana.\r\n\r\nTerveystieteiden maisteri Vilhelmiina Lehto-Niskalan gerontologian alaan kuuluva v\u00e4it\u00f6skirja\u00a0<em>Toimintakyky hoivapolitiikan ja hoidon arjen risteyksess\u00e4: Ik\u00e4\u00e4ntyneiden ymp\u00e4rivuorokautisen hoidon asukkaiden, heid\u00e4n perheenj\u00e4sentens\u00e4 sek\u00e4 hoitajien k\u00e4sityksi\u00e4 toimintakyvyst\u00e4 ja kuntoutuksesta<\/em>\u00a0tarkastetaan julkisesti Tampereen yliopiston yhteiskuntatieteiden tiedekunnassa perjantaina 27.8.2021 klo 12 alkaen Kaupin kampuksella Arvo-rakennuksen luentosalissa F114, Arvo Ylp\u00f6n katu 34. Vastav\u00e4itt\u00e4j\u00e4n\u00e4 toimii professori\u00a0<strong>Heli Valokivi\u00a0<\/strong>Jyv\u00e4skyl\u00e4n yliopistosta. Kustoksena toimii professori\u00a0<strong>Marja Jylh\u00e4<\/strong>.\r\n\r\nTilaisuuteen voi osallistua\u00a0<a href=\"https:\/\/tuni.cloud.panopto.eu\/Panopto\/Pages\/Viewer.aspx?id=728658c4-c071-4fc6-9cdb-ad5c00ad53f7\">Panopto-et\u00e4yhteydell\u00e4<\/a>.\r\n\r\nV\u00e4it\u00f6skirjaan voi tutustua osoitteessa\r\n<a href=\"http:\/\/urn.fi\/URN:ISBN:978-952-03-2054-6\">http:\/\/urn.fi\/URN:ISBN:978-952-03-2054-6<\/a>\r\n\r\nKuva:\u00a0<strong>Paavo Niskala<\/strong>\r\n\r\nAlkuper\u00e4inen tiedote: <a href=\"https:\/\/www.tuni.fi\/fi\/ajankohtaista\/vilhelmiina-lehto-niskala-ikaantyneen-oma-nakokulma-seka-laheisten-ja\">Vilhelmiina Lehto-Niskala: Ik\u00e4\u00e4ntyneen oma n\u00e4k\u00f6kulma sek\u00e4 l\u00e4heisten ja pitk\u00e4aikaishoidon hoitajien k\u00e4sitykset t\u00e4rkeit\u00e4 toimintakyky\u00e4 m\u00e4\u00e4ritelt\u00e4ess\u00e4 | Tampereen korkeakouluyhteis\u00f6 (tuni.fi)<\/a>\r\n\r\n<\/div>\r\n<\/div>\r\n<\/div>","_fi_post_name":"vaitos-27-8-2021-vilhelmiina-lehto-niskala-ikaantyneen-oma-nakokulma-seka-laheisten-ja-pitkaaikaishoidon-hoitajien-kasitykset-tarkeita-toimintakykya-maariteltaessa","_fi_post_excerpt":"","_fi_post_title":"V\u00e4it\u00f6stilaisuus 27.8.2021: Vilhelmiina Lehto-Niskala: Ik\u00e4\u00e4ntyneen oma n\u00e4k\u00f6kulma sek\u00e4 l\u00e4heisten ja pitk\u00e4aikaishoidon hoitajien k\u00e4sitykset t\u00e4rkeit\u00e4 toimintakyky\u00e4 m\u00e4\u00e4ritelt\u00e4ess\u00e4","_en_post_content":"","_en_post_name":"","_en_post_excerpt":"","_en_post_title":"","edit_language":"en","footnotes":""},"categories":[131],"tags":[],"class_list":["post-8170","post","type-post","status-publish","format-standard","has-post-thumbnail","hentry","category-tapahtumat","entry","has-media"],"_links":{"self":[{"href":"https:\/\/www.gerec.fi\/en\/wp-json\/wp\/v2\/posts\/8170","targetHints":{"allow":["GET"]}}],"collection":[{"href":"https:\/\/www.gerec.fi\/en\/wp-json\/wp\/v2\/posts"}],"about":[{"href":"https:\/\/www.gerec.fi\/en\/wp-json\/wp\/v2\/types\/post"}],"author":[{"embeddable":true,"href":"https:\/\/www.gerec.fi\/en\/wp-json\/wp\/v2\/users\/9"}],"replies":[{"embeddable":true,"href":"https:\/\/www.gerec.fi\/en\/wp-json\/wp\/v2\/comments?post=8170"}],"version-history":[{"count":2,"href":"https:\/\/www.gerec.fi\/en\/wp-json\/wp\/v2\/posts\/8170\/revisions"}],"predecessor-version":[{"id":8173,"href":"https:\/\/www.gerec.fi\/en\/wp-json\/wp\/v2\/posts\/8170\/revisions\/8173"}],"wp:featuredmedia":[{"embeddable":true,"href":"https:\/\/www.gerec.fi\/en\/wp-json\/wp\/v2\/media\/8171"}],"wp:attachment":[{"href":"https:\/\/www.gerec.fi\/en\/wp-json\/wp\/v2\/media?parent=8170"}],"wp:term":[{"taxonomy":"category","embeddable":true,"href":"https:\/\/www.gerec.fi\/en\/wp-json\/wp\/v2\/categories?post=8170"},{"taxonomy":"post_tag","embeddable":true,"href":"https:\/\/www.gerec.fi\/en\/wp-json\/wp\/v2\/tags?post=8170"}],"curies":[{"name":"wp","href":"https:\/\/api.w.org\/{rel}","templated":true}]}}