{"id":8115,"date":"2021-06-01T15:46:16","date_gmt":"2021-06-01T12:46:16","guid":{"rendered":"https:\/\/www.gerec.fi\/?p=8115"},"modified":"2021-06-01T15:46:16","modified_gmt":"2021-06-01T12:46:16","slug":"","status":"publish","type":"post","link":"https:\/\/www.gerec.fi\/en\/raportti-itsemaaraamisoikeudesta-ikaantyneiden-ymparivuorokautisissa-palveluissa-on-julkaistu\/","title":{"rendered":"","raw":""},"content":{"rendered":"","protected":false,"raw":""},"excerpt":{"rendered":"Ihmisoikeuskeskuksen julkaisema raportti k\u00e4sittelee laajasti ik\u00e4\u00e4ntyneiden itsem\u00e4\u00e4r\u00e4\u00e4misoikeuteen liittyvi\u00e4 kysymyksi\u00e4 niin yleisell\u00e4 tasolla kuin asumispalveluiden henkil\u00f6kunnan n\u00e4k\u00f6kulmasta. Keskuksen tavoitteena on edist\u00e4\u00e4 ik\u00e4\u00e4ntyneiden itsem\u00e4\u00e4r\u00e4\u00e4misoikeutta vahvistamalla henkil\u00f6st\u00f6n osaamista perus- ja ihmisoikeuksista. Raportin ja raportin taustalla k\u00e4ytetyn kyselytutkimuksen on yhteisty\u00f6ss\u00e4 Ihmisoikeuskeskuksen kanssa ja sen&hellip;","protected":false,"raw":""},"author":9,"featured_media":8117,"comment_status":"closed","ping_status":"closed","sticky":false,"template":"","format":"standard","meta":{"_mi_skip_tracking":false,"_fi_post_content":"<p class=\"ingressi\"><strong>Ihmisoikeuskeskuksen julkaisema raportti k\u00e4sittelee laajasti ik\u00e4\u00e4ntyneiden itsem\u00e4\u00e4r\u00e4\u00e4misoikeuteen liittyvi\u00e4 kysymyksi\u00e4 niin yleisell\u00e4 tasolla kuin asumispalveluiden henkil\u00f6kunnan n\u00e4k\u00f6kulmasta. Keskuksen tavoitteena on edist\u00e4\u00e4 ik\u00e4\u00e4ntyneiden itsem\u00e4\u00e4r\u00e4\u00e4misoikeutta vahvistamalla henkil\u00f6st\u00f6n osaamista perus- ja ihmisoikeuksista. Raportin ja raportin taustalla k\u00e4ytetyn kyselytutkimuksen on yhteisty\u00f6ss\u00e4 Ihmisoikeuskeskuksen kanssa ja sen toimeksiannosta toteuttanut TtT, dosentti Mari Aaltonen Tampereen yliopiston Ik\u00e4\u00e4ntymisen ja hoivan tutkimuksen huippuyksik\u00f6st\u00e4 ja Gerontologian tutkimuskeskuksesta. <span class=\"d2edcug0 hpfvmrgz qv66sw1b c1et5uql lr9zc1uh a8c37x1j keod5gw0 nxhoafnm aigsh9s9 d3f4x2em fe6kdd0r mau55g9w c8b282yb iv3no6db jq4qci2q a3bd9o3v knj5qynh oo9gr5id hzawbc8m\" dir=\"auto\">Raportin tarjoamaa tietoa voidaan k\u00e4ytt\u00e4\u00e4 paitsi koulutusten suunnitteluun ja tiedon lis\u00e4\u00e4miseen, my\u00f6s ik\u00e4\u00e4ntyneiden itsem\u00e4\u00e4r\u00e4\u00e4misoikeuteen liittyv\u00e4n lains\u00e4\u00e4d\u00e4nn\u00f6n ja politiikkatoimien kehitt\u00e4misen taustana.<\/span><\/strong><\/p>\r\nYmp\u00e4rivuorokautisten asumispalvelujen henkil\u00f6kunnan tietoisuus itsem\u00e4\u00e4r\u00e4\u00e4misoikeu\u00adteen liittyvist\u00e4 kysymyksist\u00e4 parantaa i\u00e4kk\u00e4iden asiakkaiden oikeuksien toteutumista. Henkil\u00f6st\u00f6n koulutuksen kehitt\u00e4minen onkin avain\u00adasemassa ik\u00e4\u00e4ntyneiden asiakkaiden itsem\u00e4\u00e4\u00adr\u00e4\u00e4misoikeuden vahvistamisessa. Ihmisoikeuskeskus aloitti syksyll\u00e4 2020 hankkeen ik\u00e4\u00e4ntyneiden itsem\u00e4\u00e4r\u00e4\u00e4misoikeuden vahvistamiseksi ymp\u00e4rivuorokautisissa asumispalveluissa.\u00a0Hanketta k\u00e4ynnist\u00e4m\u00e4ss\u00e4 olivat Valvira ja Etel\u00e4-Suomen aluehallintovirasto ja yhteisty\u00f6\u00adtahoina mukana olivat Attendo, Esperi Care, Elna-Marian ja Miljan hoivakoti, Kainuun soten ik\u00e4ihmisten ymp\u00e4rivuorokautiset hoivapalvelut ja Vantaan kaupunki.\r\n\r\nHankkeeseen osallistuvien tehostetun palveluasumisen yksik\u00f6iden henkil\u00f6kunnalle, esimiehille ja vastaaville l\u00e4\u00e4k\u00e4reille l\u00e4hetettiin aluksi kysely, jolla kartoitettiin henkil\u00f6st\u00f6n n\u00e4kemyksi\u00e4 ja osaamista perus- ja ihmisoikeusasioissa ja k\u00e4sityksi\u00e4 erityisesti ik\u00e4\u00e4ntyneiden itsem\u00e4\u00e4r\u00e4\u00e4misoikeudesta. Kyselyn pohjalta laadittiin raportti, jossa k\u00e4sitell\u00e4\u00e4n sek\u00e4 kyselyn vastauksia ett\u00e4 laajemmin itsem\u00e4\u00e4r\u00e4\u00e4misoikeutta perus- ja ihmisoikeuskysymyksen\u00e4. Kyselyn ja raportin on yhteisty\u00f6ss\u00e4 Ihmisoikeuskeskuksen kanssa ja sen toimeksiannosta toteuttanut TtT, dosentti Mari Aaltonen Tampereen yliopistosta. Raportti julkaistaan kes\u00e4kuun lopulla my\u00f6s ruotsiksi ja englanniksi.\r\n\r\nIhmisoikeuskeskus on itsen\u00e4inen ja riippumaton asiantuntijavirasto, jonka teht\u00e4v\u00e4n\u00e4 on seurata ja edist\u00e4\u00e4 perus- ja ihmisoikeuksien toteutumista Suomes\u00adsa. Ihmisoikeuskeskuksen tavoitteena on vahvistaa oikeudellista n\u00e4k\u00f6kulmaa ik\u00e4\u00e4ntyneisiin liittyv\u00e4ss\u00e4 toiminnassa, p\u00e4\u00e4t\u00f6ksenteossa ja lains\u00e4\u00e4d\u00e4nn\u00f6ss\u00e4 se\u00adk\u00e4 laajemmin asenteissa.\r\n\r\nTiedeuutinen on koottu Ihmisoikeuskeskuksen <a href=\"https:\/\/www.ihmisoikeuskeskus.fi\/?x5822114=10554022\">tiedotteen<\/a> pohjalta (31.05.2021).\r\n\r\n<a href=\"https:\/\/www.ihmisoikeuskeskus.fi\/?x5822114=10554022\"><strong>Lis\u00e4tietoja ja raportti Ihmisoikeuskeskuksen sivuilta<\/strong> <\/a>\r\n\r\n&nbsp;","_fi_post_name":"raportti-itsemaaraamisoikeudesta-ikaantyneiden-ymparivuorokautisissa-palveluissa-on-julkaistu","_fi_post_excerpt":"","_fi_post_title":"Raportti itsem\u00e4\u00e4r\u00e4\u00e4misoikeudesta ik\u00e4\u00e4ntyneiden ymp\u00e4rivuorokautisissa palveluissa on julkaistu","_en_post_content":"","_en_post_name":"","_en_post_excerpt":"","_en_post_title":"","edit_language":"en","footnotes":""},"categories":[130],"tags":[],"class_list":["post-8115","post","type-post","status-publish","format-standard","has-post-thumbnail","hentry","category-tiedeuutiset","entry","has-media"],"_links":{"self":[{"href":"https:\/\/www.gerec.fi\/en\/wp-json\/wp\/v2\/posts\/8115","targetHints":{"allow":["GET"]}}],"collection":[{"href":"https:\/\/www.gerec.fi\/en\/wp-json\/wp\/v2\/posts"}],"about":[{"href":"https:\/\/www.gerec.fi\/en\/wp-json\/wp\/v2\/types\/post"}],"author":[{"embeddable":true,"href":"https:\/\/www.gerec.fi\/en\/wp-json\/wp\/v2\/users\/9"}],"replies":[{"embeddable":true,"href":"https:\/\/www.gerec.fi\/en\/wp-json\/wp\/v2\/comments?post=8115"}],"version-history":[{"count":3,"href":"https:\/\/www.gerec.fi\/en\/wp-json\/wp\/v2\/posts\/8115\/revisions"}],"predecessor-version":[{"id":8119,"href":"https:\/\/www.gerec.fi\/en\/wp-json\/wp\/v2\/posts\/8115\/revisions\/8119"}],"wp:featuredmedia":[{"embeddable":true,"href":"https:\/\/www.gerec.fi\/en\/wp-json\/wp\/v2\/media\/8117"}],"wp:attachment":[{"href":"https:\/\/www.gerec.fi\/en\/wp-json\/wp\/v2\/media?parent=8115"}],"wp:term":[{"taxonomy":"category","embeddable":true,"href":"https:\/\/www.gerec.fi\/en\/wp-json\/wp\/v2\/categories?post=8115"},{"taxonomy":"post_tag","embeddable":true,"href":"https:\/\/www.gerec.fi\/en\/wp-json\/wp\/v2\/tags?post=8115"}],"curies":[{"name":"wp","href":"https:\/\/api.w.org\/{rel}","templated":true}]}}