{"id":8107,"date":"2021-06-01T10:35:47","date_gmt":"2021-06-01T07:35:47","guid":{"rendered":"https:\/\/www.gerec.fi\/?p=8107"},"modified":"2021-06-01T10:38:07","modified_gmt":"2021-06-01T07:38:07","slug":"","status":"publish","type":"post","link":"https:\/\/www.gerec.fi\/en\/ikaantyneiden-riittavat-palvelut\/","title":{"rendered":"","raw":""},"content":{"rendered":"","protected":false,"raw":""},"excerpt":{"rendered":"Vuoden 1999 Suomen perustuslaissa todetaan: \u201dJokaisella on oikeus v\u00e4ltt\u00e4m\u00e4tt\u00f6m\u00e4\u00e4n huolenpitoon ja riitt\u00e4viin sosiaali- ja terveyspalveluihin\u201d. Mutta toteutuuko laki kaikilta osin? Mit\u00e4 oikeastaan \u201dluvataan\u201d ja kenen n\u00e4k\u00f6kulmasta? Kuka m\u00e4\u00e4rittelee \u201dv\u00e4ltt\u00e4m\u00e4tt\u00f6m\u00e4n\u201d? Tarkoitetaanko v\u00e4ltt\u00e4m\u00e4tt\u00f6m\u00e4ll\u00e4 huolenpidolla pelkk\u00e4\u00e4 ravinnon tarjoamista ja kohtalaisen hygienian turvaamista, ja&hellip;","protected":false,"raw":""},"author":9,"featured_media":0,"comment_status":"closed","ping_status":"closed","sticky":false,"template":"","format":"standard","meta":{"_mi_skip_tracking":false,"_fi_post_content":"<a href=\"https:\/\/www.finlex.fi\/fi\/laki\/ajantasa\/1999\/19990731\"><strong><em>Vuoden 1999 Suomen perustuslaissa<\/em><\/strong><\/a><strong><em> todetaan: \u201dJokaisella on oikeus v\u00e4ltt\u00e4m\u00e4tt\u00f6m\u00e4\u00e4n huolenpitoon ja riitt\u00e4viin sosiaali- ja terveyspalveluihin\u201d.<\/em><\/strong><strong>\r\n<\/strong>\r\n\r\nMutta toteutuuko laki kaikilta osin? Mit\u00e4 oikeastaan \u201dluvataan\u201d ja kenen n\u00e4k\u00f6kulmasta? Kuka m\u00e4\u00e4rittelee \u201dv\u00e4ltt\u00e4m\u00e4tt\u00f6m\u00e4n\u201d? Tarkoitetaanko v\u00e4ltt\u00e4m\u00e4tt\u00f6m\u00e4ll\u00e4 huolenpidolla pelkk\u00e4\u00e4 ravinnon tarjoamista ja kohtalaisen hygienian turvaamista, ja voidaanko silloin todeta palvelut riitt\u00e4viksi? Ovatko palvelut riitt\u00e4vi\u00e4 silloin, kun ik\u00e4\u00e4ntynyt on kohtalaisen tyytyv\u00e4inen, mutta omaiset t\u00e4ysin kuormittuneita? Ent\u00e4 silloin, kun kotihoidon palvelut ovat minimaalisia, eik\u00e4 avun tarvitsijalla ole muuhun varaa tai h\u00e4n joutuu tinkim\u00e4\u00e4n muista ostoista saadakseen tarvitsemaansa apua? Ovatko palvelut riitt\u00e4vi\u00e4 silloin, kun ik\u00e4\u00e4ntynytt\u00e4 auttaa omaisten ja kotihoidon lis\u00e4ksi yksityiset palveluntuottajat, eiv\u00e4tk\u00e4 palvelut viel\u00e4k\u00e4\u00e4n vastaa tarvetta? Kysymyksi\u00e4 voisi jatkaa loputtomiin.\r\n\r\n<a href=\"https:\/\/trepo.tuni.fi\/handle\/10024\/130950\">Pro gradu -tutkielmassani<\/a> tutkin kotihoidon turvin kotona asuvien ik\u00e4\u00e4ntyneiden avun ja palveluiden tarvetta, saatavuutta ja riitt\u00e4vyytt\u00e4. Tutkimusaineistona k\u00e4ytin kotihoidon asiakkaiden haastatteluja pilottitutkimuksesta \u201dIk\u00e4\u00e4ntyneiden hoidon kustannukset ja rahoitus\u201d\u00b9, jossa toimin tutkimusavustajana. Pilottitutkimus toteutettiin kahdessa kunnassa. Tutkimusmenetelmin\u00e4 k\u00e4ytin laadullista sis\u00e4ll\u00f6n erittely\u00e4 sek\u00e4 teema-analyysi\u00e4. Tutkittavia oli kahdeksan, i\u00e4lt\u00e4\u00e4n 83-94 -vuotiaita. Tutkimuskysymykseni olivat: 1.Millaisia avun ja palvelujen tarpeita kotona asuvilla ik\u00e4\u00e4ntyneill\u00e4 esiintyy? 2. Millaisia asioita ik\u00e4\u00e4ntyneet ja\/tai omaiset tuovat esiin palvelujen saatavuudesta, riitt\u00e4vyydest\u00e4 ja tarpeeseen vastaavuudesta?\r\n\r\nKukaan tutkittavista ei asunut kotonaan pelk\u00e4n julkisen palveluj\u00e4rjestelm\u00e4n turvin. Omaiset ja yksityiset palvelut pyrkiv\u00e4t vastaamaan riitt\u00e4m\u00e4tt\u00f6m\u00e4\u00e4n avun saantiin. Julkisen sektorin v\u00e4h\u00e4isen palvelutarjonnan vuoksi osa omaisista koki kuormittumista. Vaikka kaikki saivat apua ja palveluita, osa koki ne riitt\u00e4m\u00e4tt\u00f6min\u00e4 siit\u00e4kin huolimatta, ett\u00e4 palveluita ostettiin yksityisilt\u00e4 palveluntuottajilta kotihoidon ja omaisten tuen lis\u00e4ksi. Julkisen sektorin palveluntarjonta n\u00e4ytt\u00e4ytyi minimaalisena, mutta my\u00f6sk\u00e4\u00e4n yksityiset palvelut eiv\u00e4t aina vastanneet t\u00e4ysin tutkittavan tarpeisiin.\r\n\r\n&nbsp;\r\n\r\nAineistosta muodostui kolme selke\u00e4\u00e4 teemaa, joilla oli merkityst\u00e4 avun ja palvelujen saannissa. Teemat olivat: 1) palvelujen hinta ja sis\u00e4lt\u00f6, 2) palvelujen sijainti ja alueelliset erot sek\u00e4 3) tieto ja osaaminen. Koska palveluiden sis\u00e4lt\u00f6, erityisesti julkisen sektorin osalta ei vastannut t\u00e4ysin tarvetta, tutkittavat joutuivat tukeutumaan omaisten apuun. Lis\u00e4ksi turvauduttiin yksityisiin palveluihin, joita kykeni hankkimaan, mik\u00e4li oli varallisuutta. Osa tutkittavista joutui tinkim\u00e4\u00e4n esimerkiksi vaateostoista saadakseen riitt\u00e4v\u00e4sti palveluita, osa j\u00e4tti palveluita hankkimatta rahan puutteen vuoksi.\r\n\r\nMy\u00f6s asuinpaikalla oli merkityst\u00e4 palveluiden saatavuuteen. Syrjemm\u00e4ll\u00e4 asuvat kuvasivat palveluiden siirtyneen yh\u00e4 kauemmas suurempiin keskuksiin, mik\u00e4 vaikeutti palveluiden saamista. Lis\u00e4ksi osa palveluista oli siirtynyt verkkoon, jonka k\u00e4ytt\u00e4minen vaati osaamista, tietoa ja taitoa sek\u00e4 tarvittavia v\u00e4lineit\u00e4, joita kaikilla ei ollut. Yleisesti ottaen palveluj\u00e4rjestelm\u00e4\u00e4 muutoinkin pidettiin vaikeaselkoisena ja etuisuuksien hakemista hankalana, mik\u00e4 saattoi olla esteen\u00e4 palveluiden saamisessa.\r\n\r\n&nbsp;\r\n\r\nTutkielmani tulokset ovat ristiriidassa suomalaisen hyvinvointivaltion palvelulupauksiin n\u00e4hden. Julkisen sektorin palvelut eiv\u00e4t n\u00e4yt\u00e4 tukevan kotona asumista riitt\u00e4v\u00e4sti. T\u00e4h\u00e4n tulokseen ovat tulleet my\u00f6s useat suomalaiset tutkijat\u00b2. Jo vuosikymmenien ajan esill\u00e4 olleet tavoitteet ik\u00e4\u00e4ntyneiden hyvinvoinnin edist\u00e4miseksi eiv\u00e4t edelleenk\u00e4\u00e4n t\u00e4ysin toteudu. Tilanteen korjaamiseksi tarvitaan kaikkia toimijoita, kuten palveluiden tuottajia, palveluiden k\u00e4ytt\u00e4ji\u00e4, omaisia ja p\u00e4\u00e4t\u00f6ksentekij\u00f6it\u00e4. P\u00e4\u00e4t\u00f6ksenteon tueksi tarvitaan yh\u00e4 edelleen monitieteist\u00e4 tutkimusta sek\u00e4 kunta- ett\u00e4 kansallisen tason vahvaa osallisuutta. Laatusuosituksia ja -mittareita tulee arvioida kriittisemmin, koska suositukset eiv\u00e4t viel\u00e4 takaa mit\u00e4\u00e4n. Yhteisty\u00f6- ja vastuualueet tulee m\u00e4\u00e4ritell\u00e4 selke\u00e4sti. Jatkossa tulee k\u00e4yd\u00e4 vakavaa keskustelua siit\u00e4, kenell\u00e4 on vastuu ik\u00e4\u00e4ntyneiden avun ja palvelujen tarpeeseen vastaamisessa. Vaikka t\u00e4m\u00e4n tutkielman tutkittavilla asiat olivat melko hyvin, riitt\u00e4m\u00e4t\u00f6nt\u00e4 avun ja palvelujen saantia ilmeni. Palveluista joutui maksamaan ja niit\u00e4 joutui \u201dker\u00e4\u00e4m\u00e4\u00e4n\u201d monelta eri taholta. Tosiasia on, ett\u00e4 ik\u00e4\u00e4ntyneiden varallisuus vaihtelee. Jotta kotona voi selvit\u00e4, tulee kuitenkin saada varallisuudesta riippumatta apua niihin asioihin, joihin on tarvetta. T\u00e4m\u00e4 on yh\u00e4 yksi hyvinvointivaltion periaatteista. Yhteiskunnassa tulee siis pikaisesti l\u00e4hte\u00e4 pohtimaan, mit\u00e4 yhteiskunta voi luvata ja mihin asti hyvinvointivaltion tulee turvata yksil\u00f6n hyvinvointia. Lis\u00e4ksi tulee selke\u00e4sti m\u00e4\u00e4ritell\u00e4, mit\u00e4 pidet\u00e4\u00e4n riitt\u00e4v\u00e4n\u00e4 palvelujen ja avun saantina ja kenen n\u00e4k\u00f6kulmasta.\r\n\r\n&nbsp;\r\n\r\nLopuksi haluan kiitt\u00e4\u00e4 pilottitutkimuksen tutkimusryhm\u00e4\u00e4: Leena Formaa, Jutta Pulkkia ja Mari Aaltosta. Tutkimusryhm\u00e4lt\u00e4 sain paljon tukea ja apua tutkielmani eteenp\u00e4in viemiseksi ja se valmistui t\u00e4n\u00e4 kev\u00e4\u00e4n\u00e4. Tutkielman tekeminen oli antoisaa, koska aihe kiinnostaa minua.\r\n\r\nHaluan my\u00f6s kiitt\u00e4\u00e4 \u00e4iti\u00e4ni, joka on aina tukenut minua opinnoissani. Toivoin, ett\u00e4 \u00e4iti olisi voinut olla valmistujaisjuhlissani, mutta n\u00e4in ei k\u00e4ynyt. \u00c4iti kuoli 74-vuotiaana yll\u00e4tt\u00e4en syksyll\u00e4 2020. Kiitos \u00e4iti kaikesta!\r\n\r\n<img class=\"size-medium wp-image-8108 alignnone\" src=\"https:\/\/www.gerec.fi\/wp-content\/uploads\/2021\/05\/PiaTeravainen_blogikuva-158x300.jpg\" alt=\"\" width=\"158\" height=\"300\" \/>\r\n\r\n\u00c4itini syksyll\u00e4 2020\r\n\r\n&nbsp;\r\n\r\n\u00b9 Pilottitutkimuksen rahoitti Kunnallisalan kehitt\u00e4miss\u00e4\u00e4ti\u00f6, ja se oli osa Ik\u00e4\u00e4ntymisen ja hoivan tutkimuksen huippuyksik\u00f6n (CoE AgeCare) toimintaa.\r\n\r\n\u00b2 Aaltonen, M., Van Aerschot, L. 2019. Unmet care needs are common among community-dwelling older people with memory problems in Finland. Scandinavian Journal of Public Health, 1\u201310.\r\n\r\nHannikainen, K. 2018. Ik\u00e4\u00e4ntyneiden sosiaali- ja terveyspalveluiden tarve ja k\u00e4ytt\u00f6 eroavat tulotason mukaan. Terveyden ja hyvinvoinnin laitos. Tutkimuksesta tiiviisti 3. Helmikuu 2018.\r\n\r\nKr\u00f6ger, T., Van Aerschot, L., Puthenparambil, J. 2019. Ik\u00e4\u00e4ntyneiden hoivak\u00f6yhyys. Artikkelit. Yhteiskuntapolitiikka 84 (2019):2.\r\n\r\nVaarama, M., Jylh\u00e4, M. 2020. Syrjint\u00e4 pois ja palvelut kuntoon \u2013 kohti tietoon perustuvaa ik\u00e4\u00e4ntymispolitiikkaa. Artikkelit. Gerontologia 34(4), 2020.\r\n\r\n&nbsp;\r\n\r\nAlkuper\u00e4inen Pro gradu -tutkielma: Pia Ter\u00e4v\u00e4inen: Kotona asuvien ik\u00e4\u00e4ntyneiden avun ja palvelujen riitt\u00e4vyys. Yhteiskuntatieteellinen tiedekunta. Tampere. Huhtikuu 2021. <a href=\"http:\/\/urn.fi\/URN:NBN:fi:tuni-202104263614\">http:\/\/urn.fi\/URN:NBN:fi:tuni-202104263614<\/a>\r\n\r\n&nbsp;\r\n\r\n<em>Kirjoittaja on Pia Ter\u00e4v\u00e4inen, TtM, th. H\u00e4n ty\u00f6skentelee Kansanel\u00e4kelaitoksella sairausp\u00e4iv\u00e4rahan ratkaisuasiantuntijana. <\/em>","_fi_post_name":"ikaantyneiden-riittavat-palvelut","_fi_post_excerpt":"","_fi_post_title":"Ik\u00e4\u00e4ntyneiden riitt\u00e4v\u00e4t palvelut?","_en_post_content":"","_en_post_name":"","_en_post_excerpt":"","_en_post_title":"","edit_language":"en","footnotes":""},"categories":[132],"tags":[413,411,414,412,415,416,410],"class_list":["post-8107","post","type-post","status-publish","format-standard","hentry","category-blogi","tag-ikaantyneen-palvelut","tag-ikaantynyt","tag-kotihoito","tag-kotona-asuminen","tag-omaisten-apu","tag-riittamaton-avun-saanti","tag-vaeston-ikarakenne","entry","no-media"],"_links":{"self":[{"href":"https:\/\/www.gerec.fi\/en\/wp-json\/wp\/v2\/posts\/8107","targetHints":{"allow":["GET"]}}],"collection":[{"href":"https:\/\/www.gerec.fi\/en\/wp-json\/wp\/v2\/posts"}],"about":[{"href":"https:\/\/www.gerec.fi\/en\/wp-json\/wp\/v2\/types\/post"}],"author":[{"embeddable":true,"href":"https:\/\/www.gerec.fi\/en\/wp-json\/wp\/v2\/users\/9"}],"replies":[{"embeddable":true,"href":"https:\/\/www.gerec.fi\/en\/wp-json\/wp\/v2\/comments?post=8107"}],"version-history":[{"count":6,"href":"https:\/\/www.gerec.fi\/en\/wp-json\/wp\/v2\/posts\/8107\/revisions"}],"predecessor-version":[{"id":8114,"href":"https:\/\/www.gerec.fi\/en\/wp-json\/wp\/v2\/posts\/8107\/revisions\/8114"}],"wp:attachment":[{"href":"https:\/\/www.gerec.fi\/en\/wp-json\/wp\/v2\/media?parent=8107"}],"wp:term":[{"taxonomy":"category","embeddable":true,"href":"https:\/\/www.gerec.fi\/en\/wp-json\/wp\/v2\/categories?post=8107"},{"taxonomy":"post_tag","embeddable":true,"href":"https:\/\/www.gerec.fi\/en\/wp-json\/wp\/v2\/tags?post=8107"}],"curies":[{"name":"wp","href":"https:\/\/api.w.org\/{rel}","templated":true}]}}