{"id":8056,"date":"2021-05-25T14:16:33","date_gmt":"2021-05-25T11:16:33","guid":{"rendered":"https:\/\/www.gerec.fi\/?p=8056"},"modified":"2021-05-25T14:16:33","modified_gmt":"2021-05-25T11:16:33","slug":"","status":"publish","type":"post","link":"https:\/\/www.gerec.fi\/en\/aanesta-ikaystavallinen-kunta\/","title":{"rendered":"","raw":""},"content":{"rendered":"","protected":false,"raw":""},"excerpt":{"rendered":"Kuntavaaleista 2021 on sanottu, ett\u00e4 ne ovat nettivaalit. Ehdokkaat kampanjoivat somessa ja vaalikoneet ohjaavat \u00e4\u00e4nest\u00e4m\u00e4\u00e4n ehdokasta, joka on riitt\u00e4v\u00e4sti samaa mielt\u00e4 \u00e4\u00e4nest\u00e4j\u00e4n kanssa. K\u00e4vin l\u00e4pi useampia vaalikoneita (mm. YLE, isoimmat sanoma- ja iltap\u00e4iv\u00e4lehdet). Niist\u00e4 l\u00f6ytyi yleens\u00e4 yksi kysymys, joka k\u00e4sitteli&hellip;","protected":false,"raw":""},"author":9,"featured_media":8057,"comment_status":"closed","ping_status":"closed","sticky":false,"template":"","format":"standard","meta":{"_mi_skip_tracking":false,"_fi_post_content":"Kuntavaaleista 2021 on sanottu, ett\u00e4 ne ovat nettivaalit. Ehdokkaat kampanjoivat somessa ja vaalikoneet ohjaavat \u00e4\u00e4nest\u00e4m\u00e4\u00e4n ehdokasta, joka on riitt\u00e4v\u00e4sti samaa mielt\u00e4 \u00e4\u00e4nest\u00e4j\u00e4n kanssa. K\u00e4vin l\u00e4pi useampia vaalikoneita (mm. YLE, isoimmat sanoma- ja iltap\u00e4iv\u00e4lehdet). Niist\u00e4 l\u00f6ytyi yleens\u00e4 yksi kysymys, joka k\u00e4sitteli vanhoja ihmisi\u00e4. Yleens\u00e4 kysymys kosketteli koti\/hoivakoti -kysymyst\u00e4 \u201dKaikille on taattava oikeus palvelukotipaikkaan\u201d tai \u201d Vanhusten hoidossa pit\u00e4isi siirt\u00e4\u00e4 painopistett\u00e4 edelleen kotihoidon puolelle\u201d. Nuorista ja koulutuksesta sit\u00e4 vastoin oli runsaasti erilaisia kysymyksi\u00e4. Vaalikoneiden perusteella esim. maksuton ehk\u00e4isy alle 25-vuotiaille n\u00e4ytt\u00e4isi olevan polttava kuntatason kysymys, koska se l\u00f6ytyi kaikista testaamistani vaalikoneista.\r\n\r\nVaalikoneista ei siis paljon ole apua, jos haluaisi \u00e4\u00e4nest\u00e4\u00e4 kuntansa valtuuston henkil\u00f6n, joka haluasi ajaa vanhemman v\u00e4est\u00f6nosan asioita. Yritin my\u00f6s googlaamalla l\u00f6yt\u00e4\u00e4 kotikunnastani Tampereelta ehdokkaita, jotka erityisesti ajaisivat vanhojen asiaa. Ei niit\u00e4 montaa l\u00f6ytynyt. Muutenkin tuntuu, ett\u00e4 netin vaalipuhe on suunnattu nuoremmille \u00e4\u00e4nest\u00e4jille. Ajattelevatko ehdokkaat ja vaalikoneiden laatijat, ett\u00e4 el\u00e4keik\u00e4iset eiv\u00e4t etsi vaalitietoutta netist\u00e4?\r\n\r\nTerveydenhoito ja vanhukset nousevat kuitenkin usein k\u00e4rkeen, kun ihmisilt\u00e4 kysyt\u00e4\u00e4n mitk\u00e4 ovat t\u00e4rkeit\u00e4 asioita kuntavaaleissa. (ks. esim. HS-gallup <a href=\"https:\/\/www.hs.fi\/politiikka\/art-2000007981488.html\">https:\/\/www.hs.fi\/politiikka\/art-2000007981488.html<\/a>) Usein my\u00f6s ajatellaan, ett\u00e4 n\u00e4m\u00e4 kuuluvat kiinte\u00e4sti yhteen. Ik\u00e4\u00e4ntyess\u00e4h\u00e4n sit\u00e4 terveydenhoitoa tarvitsee ja edell\u00e4 mainitussa Helsingin sanomien gallupissa puhuttiin nimenomaan vanhusten hoivasta. Sote-uudistuksen kynnyksell\u00e4 moni saattaa ajatella, ett\u00e4 nyt valittavilla valtuustoilla ei kohta ole en\u00e4\u00e4 mit\u00e4\u00e4n tekemist\u00e4 terveydenhoidon ja vanhusten kanssa. Mutta vanhuus ei ole vain terveydenhoitoa ja hoivapalveluja.\r\n\r\nMiten l\u00f6yt\u00e4isi ehdokkaan, joka kantaisi huolta kuntani ik\u00e4ihmisten palveluista, mutta ottaisi muutenkin p\u00e4\u00e4t\u00f6ksenteossaan huomioon laaja-alaisesti ik\u00e4yst\u00e4v\u00e4llisen ajattelun niin kaavoituksessa kuin kirjastopalveluissa? Kaikki ovat kuulleet Tampereen ratikasta, ja hienolle se n\u00e4ytt\u00e4\u00e4kin suhatessaan niit\u00e4 pari linjaa, jotka sille on rakennettu. Mutta kuinka paljon on ajateltu niit\u00e4 vanhoja ihmisi\u00e4, jotka eiv\u00e4t asu muutaman sadan metrin p\u00e4\u00e4ss\u00e4 ratikkapysykilt\u00e4? T\u00e4m\u00e4 on vain yksi esimerkki siit\u00e4, ett\u00e4 kuntasuunnittelun pit\u00e4\u00e4 ottaa huomioon my\u00f6s v\u00e4hemm\u00e4n ketter\u00e4t ihmiset, joita t\u00e4ss\u00e4 ik\u00e4\u00e4ntyv\u00e4ss\u00e4 yhteiskunnassa on entist\u00e4 enemm\u00e4n.\r\n\r\nOn hyv\u00e4 muistaa, ett\u00e4 ik\u00e4yst\u00e4v\u00e4llinen kunta on yst\u00e4v\u00e4llinen ihan kaikille, esim. pienten lasten vanhemmille. Asuinymp\u00e4rist\u00f6jen kaavoittaminen ja kehitt\u00e4minen on keskeisi\u00e4 kunnan teht\u00e4vi\u00e4 my\u00f6s tulevaisuudessa, ja sen onnistuminen heijastuu suoraan my\u00f6s tulevien ik\u00e4ihmisten terveyteen ja el\u00e4m\u00e4nlaatuun.\r\n\r\n&nbsp;\r\n\r\n<em>Kirjoittaja Kirsi Lumme-Sandt on GEREC:n johtaja ja yliopistonlehtori Tampereen yliopiston yhteiskuntatieteiden tiedekunnan terveystieteiden yksik\u00f6ss\u00e4.<\/em>","_fi_post_name":"aanesta-ikaystavallinen-kunta","_fi_post_excerpt":"","_fi_post_title":"\u00c4\u00e4nest\u00e4 ik\u00e4yst\u00e4v\u00e4llinen kunta!","_en_post_content":"","_en_post_name":"","_en_post_excerpt":"","_en_post_title":"","edit_language":"en","footnotes":""},"categories":[132],"tags":[],"class_list":["post-8056","post","type-post","status-publish","format-standard","has-post-thumbnail","hentry","category-blogi","entry","has-media"],"_links":{"self":[{"href":"https:\/\/www.gerec.fi\/en\/wp-json\/wp\/v2\/posts\/8056","targetHints":{"allow":["GET"]}}],"collection":[{"href":"https:\/\/www.gerec.fi\/en\/wp-json\/wp\/v2\/posts"}],"about":[{"href":"https:\/\/www.gerec.fi\/en\/wp-json\/wp\/v2\/types\/post"}],"author":[{"embeddable":true,"href":"https:\/\/www.gerec.fi\/en\/wp-json\/wp\/v2\/users\/9"}],"replies":[{"embeddable":true,"href":"https:\/\/www.gerec.fi\/en\/wp-json\/wp\/v2\/comments?post=8056"}],"version-history":[{"count":1,"href":"https:\/\/www.gerec.fi\/en\/wp-json\/wp\/v2\/posts\/8056\/revisions"}],"predecessor-version":[{"id":8058,"href":"https:\/\/www.gerec.fi\/en\/wp-json\/wp\/v2\/posts\/8056\/revisions\/8058"}],"wp:featuredmedia":[{"embeddable":true,"href":"https:\/\/www.gerec.fi\/en\/wp-json\/wp\/v2\/media\/8057"}],"wp:attachment":[{"href":"https:\/\/www.gerec.fi\/en\/wp-json\/wp\/v2\/media?parent=8056"}],"wp:term":[{"taxonomy":"category","embeddable":true,"href":"https:\/\/www.gerec.fi\/en\/wp-json\/wp\/v2\/categories?post=8056"},{"taxonomy":"post_tag","embeddable":true,"href":"https:\/\/www.gerec.fi\/en\/wp-json\/wp\/v2\/tags?post=8056"}],"curies":[{"name":"wp","href":"https:\/\/api.w.org\/{rel}","templated":true}]}}