{"id":7986,"date":"2021-03-12T09:59:35","date_gmt":"2021-03-12T07:59:35","guid":{"rendered":"https:\/\/www.gerec.fi\/?p=7986"},"modified":"2021-03-12T09:59:35","modified_gmt":"2021-03-12T07:59:35","slug":"","status":"publish","type":"post","link":"https:\/\/www.gerec.fi\/en\/vaestopoliittinen-selvitys-on-valmistunut-uusia-ehdotuksia-ikaantymisesta\/","title":{"rendered":"","raw":""},"content":{"rendered":"","protected":false,"raw":""},"excerpt":{"rendered":"Valtioneuvoston tilaama ja Anna Rotkirchin laatima V\u00e4est\u00f6poliittinen selvitys julkaistiin 10.3.2021. P\u00e4\u00e4ministeri Sanna Marinin asettaman selvityshankkeen tarkoituksena oli tarkastella v\u00e4est\u00f6lliseen tilanteeseen johtaneita syit\u00e4 ja esitt\u00e4\u00e4 linjauksia kest\u00e4v\u00e4n v\u00e4est\u00f6nkehityksen turvaamiseksi. V\u00e4est\u00f6poliittisen selvityksen Tiedepaneelissa olivat mukana puheenjohtajana professori Marja Jylh\u00e4 ja j\u00e4senen\u00e4 professori&hellip;","protected":false,"raw":""},"author":9,"featured_media":0,"comment_status":"closed","ping_status":"closed","sticky":false,"template":"","format":"standard","meta":{"_mi_skip_tracking":false,"_fi_post_content":"Valtioneuvoston tilaama ja Anna Rotkirchin laatima V\u00e4est\u00f6poliittinen selvitys julkaistiin 10.3.2021. P\u00e4\u00e4ministeri Sanna Marinin asettaman selvityshankkeen tarkoituksena oli tarkastella v\u00e4est\u00f6lliseen tilanteeseen johtaneita syit\u00e4 ja esitt\u00e4\u00e4 linjauksia kest\u00e4v\u00e4n v\u00e4est\u00f6nkehityksen turvaamiseksi. V\u00e4est\u00f6poliittisen selvityksen Tiedepaneelissa olivat mukana puheenjohtajana professori Marja Jylh\u00e4 ja j\u00e4senen\u00e4 professori Teppo Kr\u00f6ger.\r\n\r\nSelvitys teki radikaaleja ehdotuksia my\u00f6s ik\u00e4\u00e4ntymisest\u00e4, vaikka tiedotusv\u00e4lineet tuntuivat keskittyv\u00e4n julkaisutilaisuuden j\u00e4lkeisess\u00e4 uutisoinnissa vahvasti syntyvyyteen.\r\n\r\nIk\u00e4\u00e4ntymist\u00e4 koskevat ehdotukset:\r\n<ul>\r\n \t<li><strong>Nykyp\u00e4iv\u00e4n 60-70-vuotiaat ovat varsin erilaisia kuin samanik\u00e4iset muutama kymmenen vuotta aikaisemmin<\/strong>. Niinp\u00e4 60-70-vuotiaita ei tule en\u00e4\u00e4 lukea vanhoiksi, vaan he ovat enemm\u00e4nkin my\u00f6h\u00e4iskeski-ik\u00e4isi\u00e4.<\/li>\r\n \t<li><strong> Ik\u00e4syrjinn\u00e4n elementit on poistettava.<\/strong> Ik\u00e4\u00e4ntyville tulee avata samanlaiset mahdollisuudet ty\u00f6h\u00f6n, koulutukseen ja kuntoutukseen kuin muillekin aikuisille.<\/li>\r\n \t<li><strong>Hyvin vanhoille, el\u00e4m\u00e4ns\u00e4 viimeisi\u00e4 vuosia el\u00e4ville, tulee antaa heid\u00e4n tarvitsemansa palvelut.<\/strong> T\u00e4m\u00e4 ei ole t\u00e4rke\u00e4\u00e4 vain vanhoille vaan vaikuttaa my\u00f6s ty\u00f6ik\u00e4isten ja nuorten el\u00e4m\u00e4\u00e4n ja yleens\u00e4 yhteiskuntaa kohtaan tunnettuun luottamukseen.<\/li>\r\n<\/ul>\r\nN\u00e4m\u00e4 ehdotukset on annettu valtiovallan pohdittavaksi ja ne ansaitsevat keskustelua laajemminkin.\r\n\r\nLis\u00e4tietoja:\r\n\r\n<a href=\"http:\/\/urn.fi\/URN:ISBN:978-952-383-073-8\">Syntyvyyden toipuminen ja pitenev\u00e4 elinik\u00e4, linjauksia 2020-luvun v\u00e4est\u00f6politiikalle<\/a>\r\n\r\n<a href=\"https:\/\/vnk.fi\/vaestopoliittinen-selvitys\">V\u00e4est\u00f6poliittisen selvityksen kotisivut<\/a>","_fi_post_name":"vaestopoliittinen-selvitys-on-valmistunut-uusia-ehdotuksia-ikaantymisesta","_fi_post_excerpt":"","_fi_post_title":"V\u00e4est\u00f6poliittinen selvitys on valmistunut: Uusia ehdotuksia ik\u00e4\u00e4ntymisest\u00e4","_en_post_content":"","_en_post_name":"","_en_post_excerpt":"","_en_post_title":"","edit_language":"en","footnotes":""},"categories":[130],"tags":[],"class_list":["post-7986","post","type-post","status-publish","format-standard","hentry","category-tiedeuutiset","entry","no-media"],"_links":{"self":[{"href":"https:\/\/www.gerec.fi\/en\/wp-json\/wp\/v2\/posts\/7986","targetHints":{"allow":["GET"]}}],"collection":[{"href":"https:\/\/www.gerec.fi\/en\/wp-json\/wp\/v2\/posts"}],"about":[{"href":"https:\/\/www.gerec.fi\/en\/wp-json\/wp\/v2\/types\/post"}],"author":[{"embeddable":true,"href":"https:\/\/www.gerec.fi\/en\/wp-json\/wp\/v2\/users\/9"}],"replies":[{"embeddable":true,"href":"https:\/\/www.gerec.fi\/en\/wp-json\/wp\/v2\/comments?post=7986"}],"version-history":[{"count":4,"href":"https:\/\/www.gerec.fi\/en\/wp-json\/wp\/v2\/posts\/7986\/revisions"}],"predecessor-version":[{"id":7991,"href":"https:\/\/www.gerec.fi\/en\/wp-json\/wp\/v2\/posts\/7986\/revisions\/7991"}],"wp:attachment":[{"href":"https:\/\/www.gerec.fi\/en\/wp-json\/wp\/v2\/media?parent=7986"}],"wp:term":[{"taxonomy":"category","embeddable":true,"href":"https:\/\/www.gerec.fi\/en\/wp-json\/wp\/v2\/categories?post=7986"},{"taxonomy":"post_tag","embeddable":true,"href":"https:\/\/www.gerec.fi\/en\/wp-json\/wp\/v2\/tags?post=7986"}],"curies":[{"name":"wp","href":"https:\/\/api.w.org\/{rel}","templated":true}]}}