{"id":7982,"date":"2021-03-08T15:46:45","date_gmt":"2021-03-08T13:46:45","guid":{"rendered":"https:\/\/www.gerec.fi\/?p=7982"},"modified":"2021-03-08T15:46:45","modified_gmt":"2021-03-08T13:46:45","slug":"","status":"publish","type":"post","link":"https:\/\/www.gerec.fi\/en\/syntyvyyden-toipuminen-ja-piteneva-elinika-linjauksia-2020-luvun-vaestopolitiikalle-selvityksen-julkistus-keskiviikkona-10-3-klo-9-11\/","title":{"rendered":"","raw":""},"content":{"rendered":"","protected":false,"raw":""},"excerpt":{"rendered":"Milt\u00e4 n\u00e4ytt\u00e4\u00e4 2020-luvun v\u00e4est\u00f6politiikka? V\u00e4heneek\u00f6 v\u00e4est\u00f6, toipuuko syntyvyys? Miten v\u00e4est\u00f6mme kehittyi 2000-luvulla, ent\u00e4 toiko pandemia my\u00f6s uusia mahdollisuuksia? Syntyvyyden toipuminen ja pitenev\u00e4 elinik\u00e4, linjauksia 2020-luvun v\u00e4est\u00f6politiikalle -selvityksen julkistus keskiviikkona 10.3. klo 9-11 Seuraa julkistustilaisuutta ja paneelikeskustelua suorana l\u00e4hetyksen\u00e4 valtioneuvoston Youtube-kanavalla.&hellip;","protected":false,"raw":""},"author":9,"featured_media":0,"comment_status":"closed","ping_status":"closed","sticky":false,"template":"","format":"standard","meta":{"_mi_skip_tracking":false,"_fi_post_content":"Milt\u00e4 n\u00e4ytt\u00e4\u00e4 2020-luvun v\u00e4est\u00f6politiikka? V\u00e4heneek\u00f6 v\u00e4est\u00f6, toipuuko syntyvyys? Miten v\u00e4est\u00f6mme kehittyi 2000-luvulla, ent\u00e4 toiko pandemia my\u00f6s uusia mahdollisuuksia?\r\n\r\n<strong>Syntyvyyden toipuminen ja pitenev\u00e4 elinik\u00e4, linjauksia 2020-luvun v\u00e4est\u00f6politiikalle -selvityksen julkistus keskiviikkona 10.3. klo 9-11<\/strong>\r\n\r\nSeuraa julkistustilaisuutta ja paneelikeskustelua suorana l\u00e4hetyksen\u00e4 valtioneuvoston <a href=\"https:\/\/www.youtube.com\/channel\/UCmW6ihZmBKQGruMm4ALmzdw\">Youtube-kanavalla<\/a>.\r\n\r\nValtioneuvoston kanslia asetti kev\u00e4\u00e4ll\u00e4 2020 selvityshankkeen, jonka tuli k\u00e4yd\u00e4 l\u00e4pi Suomen v\u00e4est\u00f6rakenteen nykytilaan johtaneita syit\u00e4 ja tehd\u00e4\u00e4n politiikkasuosituksia kest\u00e4v\u00e4n v\u00e4est\u00f6kehityksen turvaamiseksi. Hankkeen selvityshenkil\u00f6n\u00e4 on toiminut tutkimusprofessori<strong> Anna Rotkirch<\/strong>. Hankkeen tukena ovat toimineet hallituspuolueiden valtiosihteereist\u00e4 muodostettu ohjausryhm\u00e4 valtiosihteeri <strong>Olli Kosken<\/strong> johdolla sek\u00e4 itsen\u00e4inen V\u00e4est\u00f6poliittinen tiedepaneeli puheenjohtajanaan professori <strong>Marja Jylh\u00e4<\/strong>. Tiedepaanelissa on ollut mukana my\u00f6s professori <strong>Teppo Kr\u00f6ger.<\/strong>\r\n\r\nPaneelikeskusteluun osallistuu valtiosihteeri Kosken, selvityshenkil\u00f6 Rotkirchin sek\u00e4 professori Jylh\u00e4n lis\u00e4ksi muita v\u00e4est\u00f6poliittisen tiedepaneelin edustajia. Keskustelun moderaattorina toimii erityisasiantuntija <strong>Risto Alatarvas<\/strong> valtioneuvoston kansliasta.\r\n\r\nSelvitys julkaistaan <a href=\"https:\/\/julkaisut.valtioneuvosto.fi\/\">valtioneuvoston julkaisuarkisto Valtossa<\/a> tilaisuuden alettua.\r\n\r\n<a href=\"https:\/\/vnk.fi\/vaestopoliittinen-selvitys\">V\u00e4est\u00f6poliittisen selvityshankkeen kotisivut<\/a>\r\n\r\nLis\u00e4tietoja: johtava asiantuntija, Anna Rotkirch, valtioneuvoston kanslia, p. 0295 160\u00a0393, suunnittelija Sanna Malkki, valtioneuvoston kanslia, p. 0295 160 312","_fi_post_name":"syntyvyyden-toipuminen-ja-piteneva-elinika-linjauksia-2020-luvun-vaestopolitiikalle-selvityksen-julkistus-keskiviikkona-10-3-klo-9-11","_fi_post_excerpt":"","_fi_post_title":"Syntyvyyden toipuminen ja pitenev\u00e4 elinik\u00e4, linjauksia 2020-luvun v\u00e4est\u00f6politiikalle -selvityksen julkistus keskiviikkona 10.3. klo 9-11","_en_post_content":"","_en_post_name":"","_en_post_excerpt":"","_en_post_title":"","edit_language":"en","footnotes":""},"categories":[131],"tags":[],"class_list":["post-7982","post","type-post","status-publish","format-standard","hentry","category-tapahtumat","entry","no-media"],"_links":{"self":[{"href":"https:\/\/www.gerec.fi\/en\/wp-json\/wp\/v2\/posts\/7982","targetHints":{"allow":["GET"]}}],"collection":[{"href":"https:\/\/www.gerec.fi\/en\/wp-json\/wp\/v2\/posts"}],"about":[{"href":"https:\/\/www.gerec.fi\/en\/wp-json\/wp\/v2\/types\/post"}],"author":[{"embeddable":true,"href":"https:\/\/www.gerec.fi\/en\/wp-json\/wp\/v2\/users\/9"}],"replies":[{"embeddable":true,"href":"https:\/\/www.gerec.fi\/en\/wp-json\/wp\/v2\/comments?post=7982"}],"version-history":[{"count":2,"href":"https:\/\/www.gerec.fi\/en\/wp-json\/wp\/v2\/posts\/7982\/revisions"}],"predecessor-version":[{"id":7984,"href":"https:\/\/www.gerec.fi\/en\/wp-json\/wp\/v2\/posts\/7982\/revisions\/7984"}],"wp:attachment":[{"href":"https:\/\/www.gerec.fi\/en\/wp-json\/wp\/v2\/media?parent=7982"}],"wp:term":[{"taxonomy":"category","embeddable":true,"href":"https:\/\/www.gerec.fi\/en\/wp-json\/wp\/v2\/categories?post=7982"},{"taxonomy":"post_tag","embeddable":true,"href":"https:\/\/www.gerec.fi\/en\/wp-json\/wp\/v2\/tags?post=7982"}],"curies":[{"name":"wp","href":"https:\/\/api.w.org\/{rel}","templated":true}]}}