{"id":7968,"date":"2021-02-25T12:01:37","date_gmt":"2021-02-25T10:01:37","guid":{"rendered":"https:\/\/www.gerec.fi\/?p=7968"},"modified":"2021-02-25T12:02:43","modified_gmt":"2021-02-25T10:02:43","slug":"","status":"publish","type":"post","link":"https:\/\/www.gerec.fi\/en\/share-tutkimuksen-tuloksia-vaestoliiton-webinaarissa-11-3-2021-klo-14-15-30\/","title":{"rendered":"","raw":""},"content":{"rendered":"","protected":false,"raw":""},"excerpt":{"rendered":"SHARE (Survey of Health, Ageing and Retirement) on laaja eurooppalainen ik\u00e4\u00e4ntymistutkimus, jonka tarkoituksena on selvitt\u00e4\u00e4 laajasti mm. ik\u00e4\u00e4ntyv\u00e4n v\u00e4est\u00f6n terveytt\u00e4, toimintakyky\u00e4, ihmissuhteita ja asemaa yhteiskunnassa. Tutkimuksessa on mukana 28 maata. V\u00e4est\u00f6liitto on juuri julkaissut kirjan, jossa luodaan katsaus SHARE -tutkimuksen&hellip;","protected":false,"raw":""},"author":1,"featured_media":0,"comment_status":"closed","ping_status":"closed","sticky":false,"template":"","format":"standard","meta":{"_mi_skip_tracking":false,"_fi_post_content":"SHARE (Survey of Health, Ageing and Retirement) on laaja eurooppalainen ik\u00e4\u00e4ntymistutkimus, jonka tarkoituksena on selvitt\u00e4\u00e4 laajasti mm. ik\u00e4\u00e4ntyv\u00e4n v\u00e4est\u00f6n terveytt\u00e4, toimintakyky\u00e4, ihmissuhteita ja asemaa yhteiskunnassa. Tutkimuksessa on mukana 28 maata. V\u00e4est\u00f6liitto on juuri julkaissut kirjan, jossa luodaan katsaus SHARE -tutkimuksen uusiin tuloksiin. GERECin tutkijat Jenni Kulmala ja Inna Lisko tarkastelevat kirjassa ik\u00e4\u00e4ntyneiden terveytt\u00e4 ja toimintakyky\u00e4 ja havaitsivat mm. sen, ett\u00e4 alle 80-vuotiaiden suomalaisten toimintakyky on hyv\u00e4 ja vastaajista harvalla oli vaikeuksia suoriutua p\u00e4ivitt\u00e4isist\u00e4 askareista. Hankaluudet arjen toimintakyvyss\u00e4 alkavat lis\u00e4\u00e4nty\u00e4 vasta yli 85-vuotiaiden ik\u00e4ryhm\u00e4ss\u00e4. My\u00f6s muiden Euroopan maiden ik\u00e4\u00e4ntyneisiin verrattuna suomalaisten ik\u00e4\u00e4ntyneiden terveys ja toimintakyky ovat hyv\u00e4ll\u00e4 tasolla.\r\n\r\nTutkimuksen tuloksista voi kuulla lis\u00e4\u00e4 V\u00e4est\u00f6liiton j\u00e4rjest\u00e4m\u00e4ss\u00e4 webinaarissa 11.3. klo 14-15.30. Lis\u00e4tietoja ja ilmoittautuminen englanninkieliseen webinaariin:\u00a0<a href=\"https:\/\/www.vaestoliitto.fi\/tutkimus\/ikaantyminen-ja-sukupolvet\/share\/\" target=\"_blank\" rel=\"noopener noreferrer\" data-auth=\"NotApplicable\">https:\/\/www.vaestoliitto.fi\/tutkimus\/ikaantyminen-ja-sukupolvet\/share\/<\/a>\r\n\r\nLinkki V\u00e4est\u00f6liiton tiedotteeseen:\u00a0<a href=\"https:\/\/www.vaestoliitto.fi\/artikkelit\/miten-suomalaiset-ikaantyneet-voivat-kansainvalisesti-verrattuna\/\" target=\"_blank\" rel=\"noopener noreferrer\" data-auth=\"NotApplicable\">Miten suomalaiset ik\u00e4\u00e4ntyneet voivat kansainv\u00e4lisesti verrattuna? - V\u00e4est\u00f6liitto.fi (vaestoliitto.fi)<\/a>\r\n\r\n&nbsp;","_fi_post_name":"share-tutkimuksen-tuloksia-vaestoliiton-webinaarissa-11-3-2021-klo-14-15-30","_fi_post_excerpt":"","_fi_post_title":"SHARE-tutkimuksen tuloksia V\u00e4est\u00f6liiton webinaarissa 11.3.2021 klo 14-15.30","_en_post_content":"","_en_post_name":"","_en_post_excerpt":"","_en_post_title":"","edit_language":"en","footnotes":""},"categories":[131],"tags":[184,386,388,387],"class_list":["post-7968","post","type-post","status-publish","format-standard","hentry","category-tapahtumat","tag-ikaantymistutkimus","tag-share","tag-vaestoliitto","tag-webinaari","entry","no-media"],"_links":{"self":[{"href":"https:\/\/www.gerec.fi\/en\/wp-json\/wp\/v2\/posts\/7968","targetHints":{"allow":["GET"]}}],"collection":[{"href":"https:\/\/www.gerec.fi\/en\/wp-json\/wp\/v2\/posts"}],"about":[{"href":"https:\/\/www.gerec.fi\/en\/wp-json\/wp\/v2\/types\/post"}],"author":[{"embeddable":true,"href":"https:\/\/www.gerec.fi\/en\/wp-json\/wp\/v2\/users\/1"}],"replies":[{"embeddable":true,"href":"https:\/\/www.gerec.fi\/en\/wp-json\/wp\/v2\/comments?post=7968"}],"version-history":[{"count":1,"href":"https:\/\/www.gerec.fi\/en\/wp-json\/wp\/v2\/posts\/7968\/revisions"}],"predecessor-version":[{"id":7969,"href":"https:\/\/www.gerec.fi\/en\/wp-json\/wp\/v2\/posts\/7968\/revisions\/7969"}],"wp:attachment":[{"href":"https:\/\/www.gerec.fi\/en\/wp-json\/wp\/v2\/media?parent=7968"}],"wp:term":[{"taxonomy":"category","embeddable":true,"href":"https:\/\/www.gerec.fi\/en\/wp-json\/wp\/v2\/categories?post=7968"},{"taxonomy":"post_tag","embeddable":true,"href":"https:\/\/www.gerec.fi\/en\/wp-json\/wp\/v2\/tags?post=7968"}],"curies":[{"name":"wp","href":"https:\/\/api.w.org\/{rel}","templated":true}]}}