{"id":7790,"date":"2020-12-07T09:40:10","date_gmt":"2020-12-07T07:40:10","guid":{"rendered":"https:\/\/www.gerec.fi\/?p=7790"},"modified":"2020-12-07T14:24:35","modified_gmt":"2020-12-07T12:24:35","slug":"","status":"publish","type":"post","link":"https:\/\/www.gerec.fi\/en\/hauraan-ikaantyneen-naapurina-epavarmuutta-ja-epatietoisuutta\/","title":{"rendered":"","raw":""},"content":{"rendered":"","protected":false,"raw":""},"excerpt":{"rendered":"Ik\u00e4\u00e4ntyneiden kotona asumista halutaan tukea ja se on my\u00f6s monen ik\u00e4\u00e4ntyneen oma toive. Usein paikallaan vanhenemista seuraavat l\u00e4helt\u00e4 my\u00f6s naapurit, joissa hauraan ik\u00e4\u00e4ntyneen el\u00e4m\u00e4n seuraaminen sivusta voi her\u00e4tt\u00e4\u00e4 monia kysymyksi\u00e4 omasta roolista ja vastuusta tilanteessa. Pirkanmaalla toteutettiin lokakuussa kysely ik\u00e4asumisesta&hellip;","protected":false,"raw":""},"author":1,"featured_media":7791,"comment_status":"closed","ping_status":"closed","sticky":false,"template":"","format":"standard","meta":{"_mi_skip_tracking":false,"_fi_post_content":"<strong>Ik\u00e4\u00e4ntyneiden kotona asumista halutaan tukea ja se on my\u00f6s monen ik\u00e4\u00e4ntyneen oma toive. Usein paikallaan vanhenemista seuraavat l\u00e4helt\u00e4 my\u00f6s naapurit, joissa hauraan ik\u00e4\u00e4ntyneen el\u00e4m\u00e4n seuraaminen sivusta voi her\u00e4tt\u00e4\u00e4 monia kysymyksi\u00e4 omasta roolista ja vastuusta tilanteessa.<\/strong>\r\n\r\nPirkanmaalla toteutettiin lokakuussa kysely ik\u00e4asumisesta taloyhti\u00f6iden hallitusten j\u00e4senille ja is\u00e4nn\u00f6itsij\u00f6ille. Kyselyn tarkoituksena oli selvitt\u00e4\u00e4, millaisena ik\u00e4\u00e4ntyneiden asuminen n\u00e4ytt\u00e4ytyy heille taloyhti\u00f6iden arjessa ja millaisia tietotarpeita vastaajilla on aiheeseen liittyen. Kysely v\u00e4litettiin kohderyhm\u00e4lle Kiinteist\u00f6liitto Pirkanmaan uutiskirjeen mukana. Vastaajia oli 179 ja heist\u00e4 suurin osa, 87 %, oli taloyhti\u00f6n hallituksen j\u00e4seni\u00e4. Vastaajista 70 % kertoi kohtaavansa teht\u00e4v\u00e4ss\u00e4\u00e4n ik\u00e4\u00e4ntymiseen liittyvi\u00e4 kysymyksi\u00e4 ja yhteydenottoja, ja 49 % kaipasi lis\u00e4\u00e4 koulutusta tai tietoa ik\u00e4asumisen aiheista. Kysely kerrytti my\u00f6s paljon avovastauksia, joissa pohdittiin muun muassa omaa roolia hauraan ik\u00e4\u00e4ntyneen naapurina.\r\n\r\n<strong>Yksityisen rajalla<\/strong>\r\n\r\nOmaan rooliin hauraan ik\u00e4\u00e4ntyneen naapurina voi liitty\u00e4 monenlaista ep\u00e4varmuutta ja ep\u00e4tietoisuutta. Er\u00e4s taloyhti\u00f6n hallituksen j\u00e4sen kuvasi t\u00e4t\u00e4 seuraavasti: \u201dMiten varmistaa, ett\u00e4 kukin i\u00e4k\u00e4s asukas on yleens\u00e4 hengiss\u00e4? Ovikelloa ei kehtaa muuten vain soitella.\u201d Naapurin voi olla vaikea ylitt\u00e4\u00e4 yksityisyyden rajaa ja tunnistaa, onko ik\u00e4\u00e4ntyneell\u00e4 kaikki kunnossa.\r\n\r\nNaapurina voi joutua pohtimaan my\u00f6s omaa vastuutaan hauraasta ik\u00e4\u00e4ntyneest\u00e4. Er\u00e4s vastaajista kertoi, ett\u00e4 \u201dtoiset ei vain kerro huoliaan\u201d, vaikka h\u00e4n yritt\u00e4\u00e4 kuunnella ik\u00e4\u00e4ntyneit\u00e4 herk\u00e4ll\u00e4 korvalla. H\u00e4n oli huolissaan my\u00f6s siit\u00e4, ett\u00e4 osa hyvin i\u00e4kk\u00e4ist\u00e4 naapureista k\u00e4vi saunassa yksin. Ik\u00e4\u00e4ntyneen arkea l\u00e4helt\u00e4 seuraava naapuri tai taloyhti\u00f6n hallituksen j\u00e4sen voikin joutua puntaroimaan sen kanssa, mik\u00e4 kuuluu itselle ja mik\u00e4 ei. Toisiin tilanteisiin naapurin tai taloyhti\u00f6n hallituksen j\u00e4senen t\u00e4ytyy puuttua ja toisten huolien kanssa vain el\u00e4\u00e4, koska ik\u00e4\u00e4ntynyt naapuri saa itse tehd\u00e4 p\u00e4\u00e4t\u00f6ksens\u00e4 ja toimia haluamallaan tavalla.\r\n\r\n<strong>Kenen vastuulla, mist\u00e4 apua?<\/strong>\r\n\r\nMonet vastaajat yhdistiv\u00e4t ik\u00e4\u00e4ntyneen naapuriin p\u00e4rj\u00e4\u00e4miseen liittyv\u00e4n huolen yksin\u00e4isyyteen. Harva vaikutti kuitenkaan olevan huolissaan ik\u00e4\u00e4ntyneen kokemasta yksin\u00e4isyydest\u00e4 sin\u00e4ns\u00e4, vaan ennemminkin siit\u00e4, kuka ik\u00e4\u00e4ntyneen avuntarpeen huomaa ja siihen reagoi. Yksin\u00e4iselt\u00e4 vaikuttavan ik\u00e4\u00e4ntyneen kohdalla naapuri ei voi luottaa siihen, ett\u00e4 joku muu on tilanteen tasalla. Toisaalta naapuri saattaa seurata arkea eri n\u00e4k\u00f6kulmasta kuin vaikkapa omaiset: \u201dOsa senioreiden sukulaisista k\u00e4y vain pikaisesti, eik\u00e4 sukulaisilla v\u00e4ltt\u00e4m\u00e4tt\u00e4 t\u00e4m\u00e4n takia ole samanlaista tietoa seniorin arjesta kuin esim. naapureilla\u201d.\r\n\r\nVaikka ik\u00e4\u00e4ntyneen avuntarpeen tunnistaisi, pit\u00e4isi viel\u00e4 tiet\u00e4\u00e4, miten siihen tulisi reagoida: \u201dKun seniorilla on paha olo, on sairautta ja yksin\u00e4isyytt\u00e4, keneen h\u00e4net ohjataan ottamaan yhteytt\u00e4. En tunnista, onko se huoli-ilmoituksen piiriin kuuluvaa.\u201d Er\u00e4s kyselyyn vastannut is\u00e4nn\u00f6itsij\u00e4 puolestaan pohti: \u201dVoiko ik\u00e4\u00e4ntyneen omaisiin olla yhteydess\u00e4 ja miss\u00e4 tilanteissa?\u201d\r\n\r\n<strong>Tukea sosiaaliselle ymp\u00e4rist\u00f6lle?<\/strong>\r\n\r\nVastausten perusteella ik\u00e4\u00e4ntyneiden kotona asumisen arvo tunnistetaan ja monet kertoivat esimerkiksi tehdyist\u00e4 esteett\u00f6myysparannuksista, jotka mahdollistavat ik\u00e4\u00e4ntyneiden omatoimisen asumisen. Aiheesta toivottiin my\u00f6s lis\u00e4\u00e4 tietoa ja siihen l\u00f6ytyykin monenlaista tukea.\r\n\r\nAsumisen fyysisten puitteiden huomioiminen ei kuitenkaan riit\u00e4, koska paikallaan vanheneminen ei tapahdu vain fyysisess\u00e4 vaan my\u00f6s sosiaalisessa ymp\u00e4rist\u00f6ss\u00e4, muiden ihmisten ymp\u00e4r\u00f6im\u00e4n\u00e4. \u201dIk\u00e4\u00e4ntyv\u00e4t ihmiset tarvitsevat monenlaista tukea pysty\u00e4kseen asumaan pidemp\u00e4\u00e4n nykyisess\u00e4 kodissaan. Taloyhti\u00f6n hallituksella ei ole v\u00e4ltt\u00e4m\u00e4tt\u00e4 riitt\u00e4v\u00e4sti tietoa t\u00e4llaisen tuen tarjoamiseen.\u201d\r\n\r\nMillaista tukea tai tietoa tarvitaan ja on tarjolla niille, jotka seuraavat hauraan ik\u00e4\u00e4ntyneen el\u00e4m\u00e4\u00e4 l\u00e4helt\u00e4 naapurina tai taloyhti\u00f6n hallituksen j\u00e4senen\u00e4?\r\n\r\n&nbsp;\r\n\r\n<em>Ik\u00e4asumisen kysely toteutettiin Markku-matkaava p\u00e4iv\u00e4palvelu (STEA 2018\u20132020\/Sopimusvuoris\u00e4\u00e4ti\u00f6) -hankkeen ja Kiinteist\u00f6liitto Pirkanmaa ry:n yhteisty\u00f6n\u00e4.<\/em>\r\n\r\n<em>Kirjoittaja Maiju Ratala on gerontologiasta kiinnostunut ymp\u00e4rist\u00f6politiikan ja aluetieteen loppuvaiheen opiskelija Tampereen yliopistossa ja ty\u00f6skentelee t\u00e4ll\u00e4 hetkell\u00e4 harjoittelijana Markku-hankkeessa.<\/em>\r\n\r\n&nbsp;\r\n\r\nKuva Pixabaysta.","_fi_post_name":"hauraan-ikaantyneen-naapurina-epavarmuutta-ja-epatietoisuutta","_fi_post_excerpt":"","_fi_post_title":"Hauraan ik\u00e4\u00e4ntyneen naapurina \u2013 ep\u00e4varmuutta ja ep\u00e4tietoisuutta?","_en_post_content":"","_en_post_name":"","_en_post_excerpt":"","_en_post_title":"","edit_language":"en","footnotes":""},"categories":[132],"tags":[],"class_list":["post-7790","post","type-post","status-publish","format-standard","has-post-thumbnail","hentry","category-blogi","entry","has-media"],"_links":{"self":[{"href":"https:\/\/www.gerec.fi\/en\/wp-json\/wp\/v2\/posts\/7790","targetHints":{"allow":["GET"]}}],"collection":[{"href":"https:\/\/www.gerec.fi\/en\/wp-json\/wp\/v2\/posts"}],"about":[{"href":"https:\/\/www.gerec.fi\/en\/wp-json\/wp\/v2\/types\/post"}],"author":[{"embeddable":true,"href":"https:\/\/www.gerec.fi\/en\/wp-json\/wp\/v2\/users\/1"}],"replies":[{"embeddable":true,"href":"https:\/\/www.gerec.fi\/en\/wp-json\/wp\/v2\/comments?post=7790"}],"version-history":[{"count":6,"href":"https:\/\/www.gerec.fi\/en\/wp-json\/wp\/v2\/posts\/7790\/revisions"}],"predecessor-version":[{"id":7798,"href":"https:\/\/www.gerec.fi\/en\/wp-json\/wp\/v2\/posts\/7790\/revisions\/7798"}],"wp:featuredmedia":[{"embeddable":true,"href":"https:\/\/www.gerec.fi\/en\/wp-json\/wp\/v2\/media\/7791"}],"wp:attachment":[{"href":"https:\/\/www.gerec.fi\/en\/wp-json\/wp\/v2\/media?parent=7790"}],"wp:term":[{"taxonomy":"category","embeddable":true,"href":"https:\/\/www.gerec.fi\/en\/wp-json\/wp\/v2\/categories?post=7790"},{"taxonomy":"post_tag","embeddable":true,"href":"https:\/\/www.gerec.fi\/en\/wp-json\/wp\/v2\/tags?post=7790"}],"curies":[{"name":"wp","href":"https:\/\/api.w.org\/{rel}","templated":true}]}}