{"id":7783,"date":"2020-11-24T17:05:16","date_gmt":"2020-11-24T15:05:16","guid":{"rendered":"https:\/\/www.gerec.fi\/?p=7783"},"modified":"2020-11-24T17:05:16","modified_gmt":"2020-11-24T15:05:16","slug":"","status":"publish","type":"post","link":"https:\/\/www.gerec.fi\/en\/virtuaalinen-tutkijoiden-yo-pe-27-11-2020\/","title":{"rendered":"","raw":""},"content":{"rendered":"","protected":false,"raw":""},"excerpt":{"rendered":"Tutkijoiden y\u00f6 j\u00e4rjestet\u00e4\u00e4n t\u00e4n\u00e4 vuonna virtuaalisena. Mukana on my\u00f6s gerontologian alan esityksi\u00e4 Jyv\u00e4skyl\u00e4n yliopiston liikuntatieteellisen tiedekunnan ohjelmassa, joka esitet\u00e4\u00e4n livestriimauksena pe 27.11. klo 17-20. P\u00e4\u00e4set katsomaan Liikunnan ohjelman t\u00e4st\u00e4 linkist\u00e4, jossa on my\u00f6s ohjeet tapahtuman seuraamiseen: https:\/\/www.jyu.fi\/sport\/fi\/ajankohtaista\/uutiset\/virtuaalinen-tutkijoiden-yo-tiedekunnan-studiossa-asiaa-liikunnasta-ja-terveydesta Gerontologian alan esitykset&hellip;","protected":false,"raw":""},"author":1,"featured_media":0,"comment_status":"closed","ping_status":"closed","sticky":false,"template":"","format":"standard","meta":{"_mi_skip_tracking":false,"_fi_post_content":"Tutkijoiden y\u00f6 j\u00e4rjestet\u00e4\u00e4n t\u00e4n\u00e4 vuonna virtuaalisena. Mukana on my\u00f6s gerontologian alan esityksi\u00e4 Jyv\u00e4skyl\u00e4n yliopiston liikuntatieteellisen tiedekunnan ohjelmassa, joka esitet\u00e4\u00e4n livestriimauksena pe 27.11. klo 17-20.\r\n\r\nP\u00e4\u00e4set katsomaan Liikunnan ohjelman t\u00e4st\u00e4 linkist\u00e4, jossa on my\u00f6s ohjeet tapahtuman seuraamiseen:\r\n\r\n<a href=\"https:\/\/www.jyu.fi\/sport\/fi\/ajankohtaista\/uutiset\/virtuaalinen-tutkijoiden-yo-tiedekunnan-studiossa-asiaa-liikunnasta-ja-terveydesta\" target=\"_blank\" rel=\"noopener noreferrer\">https:\/\/www.jyu.fi\/sport\/fi\/ajankohtaista\/uutiset\/virtuaalinen-tutkijoiden-yo-tiedekunnan-studiossa-asiaa-liikunnasta-ja-terveydesta<\/a>\r\n\r\nGerontologian alan esitykset ovat:\r\n<h4><strong>Klo 17.00: <\/strong><strong>Liikuttiko poikkeustila? Koronan vaikutukset 60\u201390-vuotiaiden liikunta-aktiivisuuteen.<\/strong><\/h4>\r\n<ul>\r\n \t<li>tutkijatohtori Tiia Kek\u00e4l\u00e4inen<\/li>\r\n \t<li>tohtorikoulutettava Heidi Lepp\u00e4<\/li>\r\n \t<li>tohtorikoulutettava Tiina Savikangas<\/li>\r\n<\/ul>\r\n<h4><strong>Klo 17.25: <\/strong><strong>El\u00e4m\u00e4ntapavalinnat vaihdevuosissa - mill\u00e4 on merkityst\u00e4?<\/strong><\/h4>\r\n<ul>\r\n \t<li>akatemiatutkija Eija Laakkonen<\/li>\r\n \t<li>yliopistonopettaja Enni-Maria Hietavala<\/li>\r\n \t<li>tohtorikoulutettava Matti Hyv\u00e4rinen<\/li>\r\n \t<li>tohtorikoulutettava Hanna Juppi<\/li>\r\n \t<li>tohtorikoulutettava Jari Karppinen<\/li>\r\n \t<li>tutkijatohtori Satu Lehti<\/li>\r\n<\/ul>\r\nTervetuloa mukaan kuuntelemaan mielenkiintoisia esityksi\u00e4 sek\u00e4 esitt\u00e4m\u00e4\u00e4n kysymyksi\u00e4 tutkijoille!\r\n\r\n&nbsp;\r\n\r\n&nbsp;\r\n\r\n&nbsp;\r\n\r\n&nbsp;\r\n\r\n&nbsp;\r\n\r\n&nbsp;","_fi_post_name":"virtuaalinen-tutkijoiden-yo-pe-27-11-2020","_fi_post_excerpt":"","_fi_post_title":"Virtuaalinen Tutkijoiden y\u00f6 pe 27.11.2020","_en_post_content":"","_en_post_name":"","_en_post_excerpt":"","_en_post_title":"","edit_language":"en","footnotes":""},"categories":[131],"tags":[134,366,365,217],"class_list":["post-7783","post","type-post","status-publish","format-standard","hentry","category-tapahtumat","tag-gerontologia","tag-jyvaskylan-yliopisto","tag-liikuntatieteellinen","tag-tutkijoiden-yo","entry","no-media"],"_links":{"self":[{"href":"https:\/\/www.gerec.fi\/en\/wp-json\/wp\/v2\/posts\/7783","targetHints":{"allow":["GET"]}}],"collection":[{"href":"https:\/\/www.gerec.fi\/en\/wp-json\/wp\/v2\/posts"}],"about":[{"href":"https:\/\/www.gerec.fi\/en\/wp-json\/wp\/v2\/types\/post"}],"author":[{"embeddable":true,"href":"https:\/\/www.gerec.fi\/en\/wp-json\/wp\/v2\/users\/1"}],"replies":[{"embeddable":true,"href":"https:\/\/www.gerec.fi\/en\/wp-json\/wp\/v2\/comments?post=7783"}],"version-history":[{"count":3,"href":"https:\/\/www.gerec.fi\/en\/wp-json\/wp\/v2\/posts\/7783\/revisions"}],"predecessor-version":[{"id":7786,"href":"https:\/\/www.gerec.fi\/en\/wp-json\/wp\/v2\/posts\/7783\/revisions\/7786"}],"wp:attachment":[{"href":"https:\/\/www.gerec.fi\/en\/wp-json\/wp\/v2\/media?parent=7783"}],"wp:term":[{"taxonomy":"category","embeddable":true,"href":"https:\/\/www.gerec.fi\/en\/wp-json\/wp\/v2\/categories?post=7783"},{"taxonomy":"post_tag","embeddable":true,"href":"https:\/\/www.gerec.fi\/en\/wp-json\/wp\/v2\/tags?post=7783"}],"curies":[{"name":"wp","href":"https:\/\/api.w.org\/{rel}","templated":true}]}}