{"id":7715,"date":"2020-09-23T17:04:37","date_gmt":"2020-09-23T14:04:37","guid":{"rendered":"https:\/\/www.gerec.fi\/?p=7715"},"modified":"2020-09-23T17:04:37","modified_gmt":"2020-09-23T14:04:37","slug":"","status":"publish","type":"post","link":"https:\/\/www.gerec.fi\/en\/professori-marja-jylha-palkittiin-ansiokkaasta-yhteiskunnallisesta-vuorovaikutuksesta\/","title":{"rendered":"","raw":""},"content":{"rendered":"","protected":false,"raw":""},"excerpt":{"rendered":"Palkinnon saajaa saivat ehdottaa kaikki korkeakouluyhteis\u00f6n j\u00e4senet ja ehdotuksia tulikin paljon. T\u00e4n\u00e4 vuonna palkinnon saajaksi yhteiskunnallisen vuorovaikuttamisen neuvosto valitsi gerontologian professori Marja Jylh\u00e4n. Yhteiskunnallisen vuorovaikuttamisen neuvoston puheenjohtajan Antti L\u00f6nnqvistin mukaan valinnassa painottui Jylh\u00e4n pitk\u00e4j\u00e4nteinen vanhusv\u00e4est\u00f6n aseman ja oikeuksien edist\u00e4minen rohkeilla&hellip;","protected":false,"raw":""},"author":1,"featured_media":0,"comment_status":"closed","ping_status":"closed","sticky":false,"template":"","format":"standard","meta":{"_mi_skip_tracking":false,"_fi_post_content":"<strong>Palkinnon saajaa saivat ehdottaa kaikki korkeakouluyhteis\u00f6n j\u00e4senet ja ehdotuksia tulikin paljon. T\u00e4n\u00e4 vuonna palkinnon saajaksi yhteiskunnallisen vuorovaikuttamisen neuvosto valitsi gerontologian professori Marja Jylh\u00e4n.<\/strong>\r\n\r\nYhteiskunnallisen vuorovaikuttamisen neuvoston puheenjohtajan Antti L\u00f6nnqvistin mukaan valinnassa painottui Jylh\u00e4n pitk\u00e4j\u00e4nteinen vanhusv\u00e4est\u00f6n aseman ja oikeuksien edist\u00e4minen rohkeilla kannanotoilla ja kansantajuisella viestinn\u00e4ll\u00e4 sek\u00e4 toisaalta h\u00e4nen ajankohtaiset ansionsa koronakev\u00e4\u00e4n aikaisessa viestinn\u00e4ss\u00e4.\r\n\r\nLis\u00e4tiedot alkuper\u00e4isest\u00e4 jutusta: https:\/\/www.tuni.fi\/fi\/ajankohtaista\/marja-jylha-palkittiin-ansiokkaasta-yhteiskunnallisesta-vuorovaikutuksesta\r\n\r\n&nbsp;","_fi_post_name":"professori-marja-jylha-palkittiin-ansiokkaasta-yhteiskunnallisesta-vuorovaikutuksesta","_fi_post_excerpt":"","_fi_post_title":"Professori Marja Jylh\u00e4 palkittiin ansiokkaasta yhteiskunnallisesta vuorovaikutuksesta","_en_post_content":"","_en_post_name":"","_en_post_excerpt":"","_en_post_title":"","edit_language":"en","footnotes":""},"categories":[130],"tags":[302,325],"class_list":["post-7715","post","type-post","status-publish","format-standard","hentry","category-tiedeuutiset","tag-gerec","tag-marja-jylha","entry","no-media"],"_links":{"self":[{"href":"https:\/\/www.gerec.fi\/en\/wp-json\/wp\/v2\/posts\/7715","targetHints":{"allow":["GET"]}}],"collection":[{"href":"https:\/\/www.gerec.fi\/en\/wp-json\/wp\/v2\/posts"}],"about":[{"href":"https:\/\/www.gerec.fi\/en\/wp-json\/wp\/v2\/types\/post"}],"author":[{"embeddable":true,"href":"https:\/\/www.gerec.fi\/en\/wp-json\/wp\/v2\/users\/1"}],"replies":[{"embeddable":true,"href":"https:\/\/www.gerec.fi\/en\/wp-json\/wp\/v2\/comments?post=7715"}],"version-history":[{"count":1,"href":"https:\/\/www.gerec.fi\/en\/wp-json\/wp\/v2\/posts\/7715\/revisions"}],"predecessor-version":[{"id":7716,"href":"https:\/\/www.gerec.fi\/en\/wp-json\/wp\/v2\/posts\/7715\/revisions\/7716"}],"wp:attachment":[{"href":"https:\/\/www.gerec.fi\/en\/wp-json\/wp\/v2\/media?parent=7715"}],"wp:term":[{"taxonomy":"category","embeddable":true,"href":"https:\/\/www.gerec.fi\/en\/wp-json\/wp\/v2\/categories?post=7715"},{"taxonomy":"post_tag","embeddable":true,"href":"https:\/\/www.gerec.fi\/en\/wp-json\/wp\/v2\/tags?post=7715"}],"curies":[{"name":"wp","href":"https:\/\/api.w.org\/{rel}","templated":true}]}}