{"id":7574,"date":"2020-06-16T09:01:25","date_gmt":"2020-06-16T06:01:25","guid":{"rendered":"https:\/\/www.gerec.fi\/?p=7574"},"modified":"2020-06-16T09:14:25","modified_gmt":"2020-06-16T06:14:25","slug":"","status":"publish","type":"post","link":"https:\/\/www.gerec.fi\/en\/professorit-marja-jylha-ja-teppo-kroger-vaestopoliittiseen-tiedepaneeliin\/","title":{"rendered":"","raw":""},"content":{"rendered":"","protected":false,"raw":""},"excerpt":{"rendered":"Valtioneuvoston kanslia on asettanut v\u00e4est\u00f6poliittisen selvityshankkeen, jonka selvityshenkil\u00f6n\u00e4 on professori Anna Rotkirch. Hankkeella on valtiosihteereist\u00e4 koostuva ohjausryhm\u00e4 sek\u00e4 itsen\u00e4inen tiedepaneeli, jonka puheenjohtajana toimii professori Marja Jylh\u00e4 (TAU,GEREC, CoEAgeCare) ja yhten\u00e4 j\u00e4senen\u00e4 professori Teppo Kr\u00f6ger (JY, GEREC, CoEAgeCare). Uutisissa puhutaan vain&hellip;","protected":false,"raw":""},"author":1,"featured_media":0,"comment_status":"closed","ping_status":"closed","sticky":false,"template":"","format":"standard","meta":{"_mi_skip_tracking":false,"_fi_post_content":"<strong>Valtioneuvoston kanslia on asettanut v\u00e4est\u00f6poliittisen selvityshankkeen, jonka selvityshenkil\u00f6n\u00e4 on professori Anna Rotkirch. Hankkeella on valtiosihteereist\u00e4 koostuva ohjausryhm\u00e4 sek\u00e4 itsen\u00e4inen tiedepaneeli, jonka puheenjohtajana toimii professori Marja Jylh\u00e4 (TAU,GEREC, CoEAgeCare) ja yhten\u00e4 j\u00e4senen\u00e4 professori Teppo Kr\u00f6ger (JY, GEREC, CoEAgeCare).<\/strong>\r\n\r\nUutisissa puhutaan vain syntyvyydest\u00e4, mutta tiedepaneelin teht\u00e4v\u00e4n\u00e4 on my\u00f6s ik\u00e4\u00e4ntymisen tarkastelu. Tiedepaneelin tulee tarkastella ty\u00f6ss\u00e4\u00e4n seuraavia n\u00e4k\u00f6kulmia:\r\n<p class=\"x_MsoNormal\">- Taloudelliset, sosiaaliset ja alueelliset eriarvoisuudet alhaisen syntyvyyden Suomessa\r\n- V\u00e4est\u00f6rakenteen kehityksen ja huoltosuhteen muutosten vaikutukset\r\n- Perhemy\u00f6nteisen ty\u00f6el\u00e4m\u00e4n ja hedelm\u00e4llisyystietoisuuden edist\u00e4minen\r\n- Ik\u00e4\u00e4ntyv\u00e4n hyvinvointiyhteiskunnan v\u00e4est\u00f6poliittiset linjaukset<\/p>\r\nLis\u00e4tietoja: https:\/\/vnk.fi\/artikkeli\/-\/asset_publisher\/tutkimusprofessori-anna-rotkirch-tekemaan-vaestopoliittista-selvitysta","_fi_post_name":"professorit-marja-jylha-ja-teppo-kroger-vaestopoliittiseen-tiedepaneeliin","_fi_post_excerpt":"","_fi_post_title":"Professorit Marja Jylh\u00e4 ja Teppo Kr\u00f6ger v\u00e4est\u00f6poliittiseen tiedepaneeliin","_en_post_content":"","_en_post_name":"","_en_post_excerpt":"","_en_post_title":"","edit_language":"en","footnotes":""},"categories":[130],"tags":[302,287,333],"class_list":["post-7574","post","type-post","status-publish","format-standard","hentry","category-tiedeuutiset","tag-gerec","tag-nimitys","tag-tiede","entry","no-media"],"_links":{"self":[{"href":"https:\/\/www.gerec.fi\/en\/wp-json\/wp\/v2\/posts\/7574","targetHints":{"allow":["GET"]}}],"collection":[{"href":"https:\/\/www.gerec.fi\/en\/wp-json\/wp\/v2\/posts"}],"about":[{"href":"https:\/\/www.gerec.fi\/en\/wp-json\/wp\/v2\/types\/post"}],"author":[{"embeddable":true,"href":"https:\/\/www.gerec.fi\/en\/wp-json\/wp\/v2\/users\/1"}],"replies":[{"embeddable":true,"href":"https:\/\/www.gerec.fi\/en\/wp-json\/wp\/v2\/comments?post=7574"}],"version-history":[{"count":5,"href":"https:\/\/www.gerec.fi\/en\/wp-json\/wp\/v2\/posts\/7574\/revisions"}],"predecessor-version":[{"id":7581,"href":"https:\/\/www.gerec.fi\/en\/wp-json\/wp\/v2\/posts\/7574\/revisions\/7581"}],"wp:attachment":[{"href":"https:\/\/www.gerec.fi\/en\/wp-json\/wp\/v2\/media?parent=7574"}],"wp:term":[{"taxonomy":"category","embeddable":true,"href":"https:\/\/www.gerec.fi\/en\/wp-json\/wp\/v2\/categories?post=7574"},{"taxonomy":"post_tag","embeddable":true,"href":"https:\/\/www.gerec.fi\/en\/wp-json\/wp\/v2\/tags?post=7574"}],"curies":[{"name":"wp","href":"https:\/\/api.w.org\/{rel}","templated":true}]}}