{"id":7447,"date":"2020-05-27T11:05:47","date_gmt":"2020-05-27T08:05:47","guid":{"rendered":"https:\/\/www.gerec.fi\/?p=7447"},"modified":"2020-05-27T12:07:46","modified_gmt":"2020-05-27T09:07:46","slug":"","status":"publish","type":"post","link":"https:\/\/www.gerec.fi\/en\/vaitos-29-5-2020-hyva-kuulo-tukee-ikaantyneiden-elamanlaatua-ja-arjen-aktiivisuutta-polku\/","title":{"rendered":"","raw":""},"content":{"rendered":"","protected":false,"raw":""},"excerpt":{"rendered":"TtM, PsM Hannele Polun gerontologian ja kansanterveyden v\u00e4it\u00f6skirja \u201dAssociations of hearing difficulties, life-space mobility, quality of life and depressive symptoms among older adults\u201d tarkastetaan Jyv\u00e4skyl\u00e4n yliopistossa 29.5.2020 klo 12.00 alkaen. Vastav\u00e4itt\u00e4j\u00e4n\u00e4 toimii professori Sirpa Hartikainen (It\u00e4-Suomen yliopisto) ja kustoksena professori&hellip;","protected":false,"raw":""},"author":3,"featured_media":0,"comment_status":"closed","ping_status":"closed","sticky":false,"template":"","format":"standard","meta":{"_mi_skip_tracking":false,"_fi_post_content":"TtM, PsM Hannele Polun gerontologian ja kansanterveyden v\u00e4it\u00f6skirja \u201dAssociations of hearing difficulties, life-space mobility, quality of life and depressive symptoms among older adults\u201d tarkastetaan Jyv\u00e4skyl\u00e4n yliopistossa 29.5.2020 klo 12.00 alkaen. Vastav\u00e4itt\u00e4j\u00e4n\u00e4 toimii professori Sirpa Hartikainen (It\u00e4-Suomen yliopisto) ja kustoksena professori Taina Rantanen (Jyv\u00e4skyl\u00e4n yliopisto). V\u00e4it\u00f6st\u00e4 on mahdollista seurata verkossa, linkki tiedotteen lopussa.\r\n\r\nArjen eri tilanteissa koetut kuulovaikeudet v\u00e4hent\u00e4v\u00e4t ik\u00e4\u00e4ntyneiden henkil\u00f6iden liikkumista elinpiiriss\u00e4\u00e4n sek\u00e4 el\u00e4m\u00e4nlaatua. Jyv\u00e4skyl\u00e4n yliopiston liikuntatieteellisess\u00e4 tiedekunnassa tehdyn v\u00e4it\u00f6stutkimuksen tulosten mukaan kuulolaitteen k\u00e4yt\u00f6st\u00e4 enemm\u00e4n hy\u00f6ty\u00e4 kokevilla henkil\u00f6ill\u00e4 liikkumisaktiivisuus on suurempaa verrattuna niihin, joiden kokema hy\u00f6ty on v\u00e4h\u00e4isempi. V\u00e4hentynyt liikkumisaktiivisuus oli yhteydess\u00e4 suurempaan masennusoireiden m\u00e4\u00e4r\u00e4\u00e4n.\r\n\r\nV\u00e4it\u00f6stutkimuksessa selvitettiin ik\u00e4\u00e4ntyneiden ihmisten kuulovaikeuksien ja kuulolaitteesta koetun hy\u00f6dyn yhteytt\u00e4 elinpiiriss\u00e4 liikkumiseen ja kuulovaikeuksien yhteytt\u00e4 el\u00e4m\u00e4nlaatuun. Lis\u00e4ksi tarkasteltiin elinpiiriss\u00e4 liikkumisen yhteytt\u00e4 masennusoireiden esiintymiseen. Elinpiiriss\u00e4 liikkuminen kuvaa paitsi yksil\u00f6n liikkumiskyky\u00e4, my\u00f6s h\u00e4nen mahdollisuuksiaan osallistua erilaisiin kodin ulkopuolisiin tapahtumiin jokap\u00e4iv\u00e4isess\u00e4 el\u00e4m\u00e4ss\u00e4\u00e4n.\r\n\r\n- Tulosten perusteella vanhuusi\u00e4ss\u00e4 tyypillisesti koetut kuulovaikeudet rajoittavat n\u00e4it\u00e4 mahdollisuuksia ja vaikuttavat t\u00e4ten ik\u00e4\u00e4ntyneiden henkil\u00f6iden p\u00e4ivitt\u00e4iseen toimintakykyyn ja el\u00e4m\u00e4nlaatuun. Asianmukaisilla apuv\u00e4lineill\u00e4, kuten henkil\u00f6lle sopivan kuulolaitteen k\u00e4yt\u00f6n avulla, voidaan mahdollisesti lievitt\u00e4\u00e4 kuulon heikentymisen aiheuttamia vaikeuksia ja tukea ik\u00e4\u00e4ntyneiden henkil\u00f6iden aktiivista osallistumista yhteiskuntaan, v\u00e4it\u00f6skirjatutkija <strong>Hannele Polku<\/strong> sanoo.\r\n\r\nKuulovaikeudet ovat hyvin yleisi\u00e4 ik\u00e4\u00e4ntyneill\u00e4 henkil\u00f6ill\u00e4. Tutkimusten mukaan yli puolella 70 vuotta t\u00e4ytt\u00e4neist\u00e4 henkil\u00f6ist\u00e4 on kuulovaikeuksia. Elini\u00e4nodotteen kasvaessa my\u00f6s kuulovaikeuksia kokevien m\u00e4\u00e4r\u00e4 lis\u00e4\u00e4ntyy, joten aihe koskettaa suurinta osaa ik\u00e4\u00e4ntyneest\u00e4 v\u00e4est\u00f6st\u00e4.\r\n\r\n- Kuulovaikeudet n\u00e4hd\u00e4\u00e4n usein ik\u00e4\u00e4ntymisen v\u00e4ltt\u00e4m\u00e4tt\u00f6m\u00e4n\u00e4 seurauksena ja t\u00e4m\u00e4n vuoksi niiden vaikutus ik\u00e4\u00e4ntyneiden ihmisten p\u00e4ivitt\u00e4iseen el\u00e4m\u00e4\u00e4n j\u00e4\u00e4 helposti liian v\u00e4h\u00e4lle huomiolle, Polku sanoo.\r\n\r\nYmm\u00e4rt\u00e4m\u00e4ll\u00e4 n\u00e4it\u00e4 yhteyksi\u00e4 paremmin voidaan tunnistaa varhaisemmassa vaiheessa ne henkil\u00f6t, joilla on kohonnut riski psyykkisen ja fyysisen toimintakyvyn heikentymiseen tulevaisuudessa.\r\n\r\n- Varhainen tunnistaminen voi my\u00f6s auttaa kohdistamaan toimintakyky\u00e4 yll\u00e4pit\u00e4vi\u00e4 interventioita aiemmassa vaiheessa. Esimerkiksi julkisten tilojen ja toimintojen suunnittelussa tulisi kiinnitt\u00e4\u00e4 huomiota siihen, ett\u00e4 ymp\u00e4rist\u00f6 mahdollistaa my\u00f6s heikkokuuloisten henkil\u00f6iden aktiivisen osallistumisen, Polku sanoo.\r\n\r\nTutkimusaineistona k\u00e4ytettiin kaksivuotisen \u201dLife-Space Mobility in Old Age\u201d(LISPE) -seurantatutkimuksen aineistoa, johon osallistui yhteens\u00e4 848 i\u00e4lt\u00e4\u00e4n 75\u201390-vuotiaista henkil\u00f6\u00e4. Tutkimus toteutettiin osana Suomen Akatemia rahoittamaa hanketta \u201dKuulo, muisti ja hyvinvointi: meluisan ymp\u00e4rist\u00f6n asettamat haasteet i\u00e4kk\u00e4ille henkil\u00f6ille\u201d. Lis\u00e4ksi v\u00e4it\u00f6skirjaty\u00f6t\u00e4 rahoittivat Kuuloliitto, Juho Vainion s\u00e4\u00e4ti\u00f6 ja Suomen Kulttuurirahasto.\r\n<h4>Julkaisutiedot:<\/h4>\r\nPolku, Hannele. Associations of hearing difficulties, life-space mobility, quality of life and depressive symptoms among older adults. Tutkimus on julkaistu Jyv\u00e4skyl\u00e4n yliopiston v\u00e4it\u00f6stutkimusten sarjassa JYU Dissertations, numero 221, Jyv\u00e4skyl\u00e4 2020. ISBN 978-951-39-8165-5 (PDF), URN: ISBN: 978-951-39-8165-5, ISSN 2489-9003. Pysyv\u00e4 osoite on http:\/\/urn.fi\/URN:ISBN:978-951-39-8165-5 ja suora Jyxin osoite on <a href=\"https:\/\/jyx.jyu.fi\/handle\/123456789\/68971\" target=\"_blank\" rel=\"noopener noreferrer\">https:\/\/jyx.jyu.fi\/handle\/123456789\/68971<\/a>.\r\n\r\n<strong>Linkki et\u00e4v\u00e4it\u00f6ksen seuraamiseen<\/strong>: https:\/\/jyufi.zoom.us\/j\/65222134557\r\nOr an H.323\/SIP room system:\r\nH.323: 109.105.112.236 or 109.105.112.235\r\nMeeting ID: 652 2213 4557\r\nSIP: 65222134557@109.105.112.236 or 65222134557@109.105.112.235\r\n\r\nKustoksen puhelinnumero, johon mahdolliset v\u00e4it\u00f6ksen j\u00e4lkeiset kysymykset soitetaan, on +358 40 805 3590.\r\n\r\nHannele Polku kirjoitti ylioppilaaksi Pielaveden lukiosta vuonna 1997. H\u00e4n on valmistunut psykologian maisteriksi Jyv\u00e4skyl\u00e4n yliopistosta vuonna 2003 ja on ty\u00f6skennellyt alan teht\u00e4viss\u00e4 valmistumisesta l\u00e4htien. Terveystieteiden maisteriksi Polku valmistui Jyv\u00e4skyl\u00e4n yliopistosta vuonna 2013, jonka j\u00e4lkeen h\u00e4n ty\u00f6skenteli tohtorikoulutettavana liikuntatieteellisess\u00e4 tiedekunnassa Gerontologian tutkimuskeskuksessa, Jyv\u00e4skyl\u00e4ss\u00e4. Vuodesta 2016 alkaen Hannele Polku on ty\u00f6skennellyt psykologina Jyv\u00e4skyl\u00e4n kaupungin ty\u00f6llisyyspalveluissa.\r\n\r\n<strong>Lis\u00e4tietoja\r\n<\/strong>Hannele Polku\r\nTtM, PsM\r\nLiikuntatieteellinen tiedekunta\r\n<a href=\"mailto:hannele.polku@gmail.com\">hannele.polku@gmail.com<\/a>\r\n\r\n&nbsp;","_fi_post_name":"vaitos-29-5-2020-hyva-kuulo-tukee-ikaantyneiden-elamanlaatua-ja-arjen-aktiivisuutta-polku","_fi_post_excerpt":"","_fi_post_title":"V\u00e4it\u00f6s 29.5.2020: Hyv\u00e4 kuulo tukee ik\u00e4\u00e4ntyneiden el\u00e4m\u00e4nlaatua ja arjen aktiivisuutta (Polku)","_en_post_content":"","_en_post_name":"","_en_post_excerpt":"","_en_post_title":"","edit_language":"en","footnotes":""},"categories":[130],"tags":[320,215,322,318,321,319,148,283,280,153],"class_list":["post-7447","post","type-post","status-publish","format-standard","hentry","category-tiedeuutiset","tag-apuvaline","tag-elinpiiri","tag-elamanlaatu","tag-kuulo","tag-kuulolaite","tag-kuulovaikeudet","tag-liikkuminen","tag-liikkumisaktiivisuus","tag-masennus","tag-vaitos","entry","no-media"],"_links":{"self":[{"href":"https:\/\/www.gerec.fi\/en\/wp-json\/wp\/v2\/posts\/7447","targetHints":{"allow":["GET"]}}],"collection":[{"href":"https:\/\/www.gerec.fi\/en\/wp-json\/wp\/v2\/posts"}],"about":[{"href":"https:\/\/www.gerec.fi\/en\/wp-json\/wp\/v2\/types\/post"}],"author":[{"embeddable":true,"href":"https:\/\/www.gerec.fi\/en\/wp-json\/wp\/v2\/users\/3"}],"replies":[{"embeddable":true,"href":"https:\/\/www.gerec.fi\/en\/wp-json\/wp\/v2\/comments?post=7447"}],"version-history":[{"count":4,"href":"https:\/\/www.gerec.fi\/en\/wp-json\/wp\/v2\/posts\/7447\/revisions"}],"predecessor-version":[{"id":7451,"href":"https:\/\/www.gerec.fi\/en\/wp-json\/wp\/v2\/posts\/7447\/revisions\/7451"}],"wp:attachment":[{"href":"https:\/\/www.gerec.fi\/en\/wp-json\/wp\/v2\/media?parent=7447"}],"wp:term":[{"taxonomy":"category","embeddable":true,"href":"https:\/\/www.gerec.fi\/en\/wp-json\/wp\/v2\/categories?post=7447"},{"taxonomy":"post_tag","embeddable":true,"href":"https:\/\/www.gerec.fi\/en\/wp-json\/wp\/v2\/tags?post=7447"}],"curies":[{"name":"wp","href":"https:\/\/api.w.org\/{rel}","templated":true}]}}