{"id":7411,"date":"2020-05-15T10:11:01","date_gmt":"2020-05-15T07:11:01","guid":{"rendered":"https:\/\/www.gerec.fi\/?p=7411"},"modified":"2020-05-15T10:11:54","modified_gmt":"2020-05-15T07:11:54","slug":"","status":"publish","type":"post","link":"https:\/\/www.gerec.fi\/en\/jyvaskylan-yliopisto-tutkii-iakkaiden-ihmisten-aktiivisuutta-koronaviruspandemian-aikana\/","title":{"rendered":"","raw":""},"content":{"rendered":"","protected":false,"raw":""},"excerpt":{"rendered":"Jyv\u00e4skyl\u00e4n yliopiston liikuntatieteellisen tiedekunnan Gerontologian tutkimuskeskus k\u00e4ynnist\u00e4\u00e4 kyselytutkimuksen i\u00e4kk\u00e4iden ihmisten aktiivisuudesta ja elinpiirist\u00e4 koronaviruspandemiasta johtuvien rajoitusten aikana. Yli 70-vuotiaita koskevat suositukset fyysisten kontaktien v\u00e4ltt\u00e4misest\u00e4 ovat edelleen voimassa. - Nyt on syyt\u00e4 tutkia, onko i\u00e4kk\u00e4iden ihmisten aktiivisuus nyt rajoitusten aikana erilaista&hellip;","protected":false,"raw":""},"author":3,"featured_media":0,"comment_status":"closed","ping_status":"closed","sticky":false,"template":"","format":"standard","meta":{"_mi_skip_tracking":false,"_fi_post_content":"<header>\r\n<div class=\"documentDescription\">\r\n\r\n<strong>Jyv\u00e4skyl\u00e4n yliopiston liikuntatieteellisen tiedekunnan Gerontologian tutkimuskeskus k\u00e4ynnist\u00e4\u00e4 kyselytutkimuksen i\u00e4kk\u00e4iden ihmisten aktiivisuudesta ja elinpiirist\u00e4 koronaviruspandemiasta johtuvien rajoitusten aikana. Yli 70-vuotiaita koskevat suositukset fyysisten kontaktien v\u00e4ltt\u00e4misest\u00e4 ovat edelleen voimassa.<\/strong>\r\n\r\n- Nyt on syyt\u00e4 tutkia, onko i\u00e4kk\u00e4iden ihmisten aktiivisuus nyt rajoitusten aikana erilaista kuin ennen rajoituksia, sanoo professori <strong>Taina Rantanen<\/strong> Jyv\u00e4skyl\u00e4n yliopistosta.\r\n\r\n<\/div>\r\n<\/header>\r\n<div id=\"content-core\">\r\n<div class=\"newsitem clearfix\">\r\n<div id=\"parent-fieldname-text\">\r\n\r\nVuosina 2017\u20132018 toteutetussa yli 1000 ihmist\u00e4 kattaneessa AGNES-tutkimuksessa selvitettiin ihmisten aktiivisuutta sek\u00e4 elinpiiri\u00e4, fyysist\u00e4 ja psyykkist\u00e4 hyvinvointia ja toimintakyky\u00e4 sek\u00e4 sosiaalisia suhteita ja yksin\u00e4isyytt\u00e4. Nyt toteutettavan AGNES-tutkimuksen laajennusosan tietoja verrataan aiemmin ker\u00e4ttyihin tietoihin. N\u00e4in saadaan k\u00e4sitys muutosten laajuudesta sek\u00e4 siit\u00e4, mitk\u00e4 asiat ovat yhteydess\u00e4 mahdollisesti havaittaviin muutoksiin.\r\n\r\nTutkimuksen laajennusosaan kutsutaan mukaan vain AGNES-tutkimuksen ensimm\u00e4isen vaiheen osallistujat ja tutkimus toteutetaan kokonaan et\u00e4n\u00e4 kyselylomaketutkimuksena.\r\n\r\nMonet asiantuntijat ovat esitt\u00e4neet, ett\u00e4 koronaviruspandemian hillitsemiseksi tarkoitetut rajoitukset alentavat i\u00e4kk\u00e4iden ihmisten aktiivisuutta ja hyvinvointia.\r\n\r\n- Olen itsekin antanut sen suuntaisia lausuntoja, mutta tosiasiassa ei tiedet\u00e4, miten aktiivisuus, elinpiiri tai autonomia ovat muuttuneet ja keill\u00e4 ne ovat muuttuneet, professori Rantanen sanoo.\r\n\r\nSaattaa olla, ett\u00e4 osa i\u00e4kk\u00e4ist\u00e4 ihmisist\u00e4 on ollut yht\u00e4 aktiivisia kuin ennen rajoituksia, osan aktiivisuus tai mahdollisuus itselle t\u00e4rkeisiin aktiiviteetteihin, vaikkapa lastenlasten hoitoon, kokouksissa k\u00e4ymiseen tai vesijumppaan, on todenn\u00e4k\u00f6isesti muuttunut.\r\n\r\nTutkimuksessa selvitet\u00e4\u00e4n, miten tietyt elinymp\u00e4rist\u00f6n tai henkil\u00f6n itsens\u00e4 piirteet ovat yhteydess\u00e4 muutoksiin. Etenkin se, mitk\u00e4 asiat ovat lis\u00e4nneet haavoittuvuutta tai sietokyky\u00e4 rajoituksille kiinnostaa tutkijoita.\r\n\r\n- T\u00e4llainen tieto on hy\u00f6dyllist\u00e4, kun mietit\u00e4\u00e4n, miten ihmisi\u00e4 voi auttaa. Tietoa muutoksista tarvitaan, jotta osataan toimia oikein, kun rajoitukset my\u00f6hemmin poistetaan. Koronaviruspandemian seurauksia on t\u00e4rke\u00e4\u00e4 tutkia my\u00f6s muista kuin taudin tarttuvuuden tai talousel\u00e4m\u00e4n n\u00e4k\u00f6kulmista, Rantanen sanoo.\r\n\r\nAGNES-tutkimuksen osallistujille l\u00e4hetet\u00e4\u00e4n postitse kyselylomakke, jonka t\u00e4ytt\u00e4minen kest\u00e4\u00e4 puolesta tunnista tuntiin. Kenenk\u00e4\u00e4n henkil\u00f6kohtaisia tietoja ei paljasteta ulkopuolisille vaan vastauksia k\u00e4sitell\u00e4\u00e4n keskiarvoina ja prosentteina.\r\n\r\n<strong>Lis\u00e4tietoja:\r\n<\/strong>Professori Taina Rantanen\r\nGerontologian tutkimuskeskus\r\nliikuntatieteellinen tiedekunta\r\n040 805 3590\r\ntaina.rantanen@jyu.fi\r\n\r\n<\/div>\r\n<\/div>\r\n<\/div>","_fi_post_name":"jyvaskylan-yliopisto-tutkii-iakkaiden-ihmisten-aktiivisuutta-koronaviruspandemian-aikana","_fi_post_excerpt":"","_fi_post_title":"Jyv\u00e4skyl\u00e4n yliopisto tutkii i\u00e4kk\u00e4iden ihmisten aktiivisuutta koronaviruspandemian aikana","_en_post_content":"","_en_post_name":"","_en_post_excerpt":"","_en_post_title":"","edit_language":"en","footnotes":""},"categories":[130],"tags":[245,304,312,215,313,314],"class_list":["post-7411","post","type-post","status-publish","format-standard","hentry","category-tiedeuutiset","tag-agnes","tag-aktiivisena-vanheneminen","tag-aktiivisuus","tag-elinpiiri","tag-koronapandemia","tag-kyselytutkimus","entry","no-media"],"_links":{"self":[{"href":"https:\/\/www.gerec.fi\/en\/wp-json\/wp\/v2\/posts\/7411","targetHints":{"allow":["GET"]}}],"collection":[{"href":"https:\/\/www.gerec.fi\/en\/wp-json\/wp\/v2\/posts"}],"about":[{"href":"https:\/\/www.gerec.fi\/en\/wp-json\/wp\/v2\/types\/post"}],"author":[{"embeddable":true,"href":"https:\/\/www.gerec.fi\/en\/wp-json\/wp\/v2\/users\/3"}],"replies":[{"embeddable":true,"href":"https:\/\/www.gerec.fi\/en\/wp-json\/wp\/v2\/comments?post=7411"}],"version-history":[{"count":5,"href":"https:\/\/www.gerec.fi\/en\/wp-json\/wp\/v2\/posts\/7411\/revisions"}],"predecessor-version":[{"id":7416,"href":"https:\/\/www.gerec.fi\/en\/wp-json\/wp\/v2\/posts\/7411\/revisions\/7416"}],"wp:attachment":[{"href":"https:\/\/www.gerec.fi\/en\/wp-json\/wp\/v2\/media?parent=7411"}],"wp:term":[{"taxonomy":"category","embeddable":true,"href":"https:\/\/www.gerec.fi\/en\/wp-json\/wp\/v2\/categories?post=7411"},{"taxonomy":"post_tag","embeddable":true,"href":"https:\/\/www.gerec.fi\/en\/wp-json\/wp\/v2\/tags?post=7411"}],"curies":[{"name":"wp","href":"https:\/\/api.w.org\/{rel}","templated":true}]}}