{"id":74,"date":"2018-12-11T20:10:15","date_gmt":"2018-12-11T20:10:15","guid":{"rendered":"https:\/\/gerec.fi\/2018\/12\/11\/vaitos-8\/"},"modified":"2019-02-21T17:41:52","modified_gmt":"2019-02-21T15:41:52","slug":"","status":"publish","type":"post","link":"https:\/\/www.gerec.fi\/en\/vaitos-8\/","title":{"rendered":"","raw":""},"content":{"rendered":"","protected":false,"raw":""},"excerpt":{"rendered":"MSc Prakash K.C.:n ty\u00f6terveyden alaan kuuluva v\u00e4it\u00f6skirja \u201dMidlife work exposures and musculoskeletal diseases, mobility limitations and disability in old age: A 28-year follow up of Finnish municipal employees\u201d tarkastetaan 8.6.2018 Tampereen yliopistossa. Vastav\u00e4itt\u00e4j\u00e4n\u00e4 on professori Andreas Holtermann (National Research Centre&hellip;","protected":false,"raw":""},"author":1,"featured_media":0,"comment_status":"open","ping_status":"open","sticky":false,"template":"","format":"standard","meta":{"_mi_skip_tracking":false,"_fi_post_content":"<div id=\"articleHeader\"><\/div>                                                                                                                                                                                                                     <div id=\"parent-fieldname-description\">                   MSc Prakash K.C.:n ty\u00f6terveyden alaan kuuluva v\u00e4it\u00f6skirja \u201dMidlife work exposures and musculoskeletal diseases, mobility limitations and disability in old age: A 28-year follow up of Finnish municipal employees\u201d tarkastetaan 8.6.2018 Tampereen yliopistossa. Vastav\u00e4itt\u00e4j\u00e4n\u00e4 on professori Andreas Holtermann (National Research Centre for the Working Environment, Tanska) ja kustoksena toimii professori Clas-H\u00e5kan Nyg\u00e5rd. V\u00e4it\u00f6stilaisuuden kieli on englanti.                <\/div>                                                                                                                       <div id=\"content-core\">                                                             <div id=\"parent-fieldname-text\">            <h2><b>Raskas ty\u00f6 ennustaa vanhuusi\u00e4n tuki- ja liikuntaelinsairauksia<\/b><\/h2><p>Aikuisi\u00e4n henkisesti ja fyysisesti raskaalla ty\u00f6ll\u00e4 voi olla  pitk\u00e4aikaisia vaikutuksia ja ne voivat lis\u00e4t\u00e4 tuki- ja liikuntaelinten  sairauksien riski\u00e4. N\u00e4m\u00e4 sairaudet johtavat liikkuvuuden v\u00e4henemiseen ja  siit\u00e4 seuraaviin merkitt\u00e4viin fyysisiin vaurioihin, jotka heikent\u00e4v\u00e4t  toimintakyky\u00e4 ja itsen\u00e4isen el\u00e4m\u00e4n edellytyksi\u00e4 my\u00f6hemm\u00e4ll\u00e4 i\u00e4ll\u00e4.<\/p><p>Maailmanlaajuisesti on tarjolla yhtenev\u00e4\u00e4 tutkimustietoa ty\u00f6h\u00f6n  liittyvien vaarojen ja altistusten haitallisista vaikutuksista  ty\u00f6ntekij\u00f6iden kokonaisterveydentilaan. Tutkimustietoa keski-i\u00e4n  altistusten vaikutuksista vanhuuden ajan terveyteen on kuitenkin  rajallisesti.\u00a0 Koska v\u00e4est\u00f6 kaikkialla maailmassa vanhenee, on  kansanterveyden n\u00e4k\u00f6kulmasta t\u00e4rke\u00e4\u00e4 tunnistaa n\u00e4m\u00e4 vaikutukset.<\/p><p>V\u00e4it\u00f6ksen tarkoituksena oli tutkia yhteyksi\u00e4 keski-i\u00e4n ty\u00f6per\u00e4isten  altistusten ja vanhuuden tuki- ja liikuntaelinsairauksien sek\u00e4 liikunta-  ja toimintarajoitteisuuden v\u00e4lill\u00e4 hy\u00f6dynt\u00e4en pitkitt\u00e4istutkimusta,  joka seurasi suomalaisia kuntaty\u00f6ntekij\u00f6it\u00e4 l\u00e4hes 30 vuoden ajan.  V\u00e4it\u00f6stutkimuksessa k\u00e4ytettiin altistuksista ty\u00f6n koettua  kuormittavuutta, tuki- ja liikuntaelinten (biomekaanista) kuormitusta,  vuoroty\u00f6t\u00e4 sek\u00e4 yksityiskohtaista keski-i\u00e4n ty\u00f6nkuvausta. Lopputulemat  suhteutettiin tuki- ja liikuntaelinsairauksiin sek\u00e4 liikunta- ja  toimintarajoitteisiin.<\/p><p>Tutkimusaineistona k\u00e4ytettiin FLAME-pitkitt\u00e4istutkimusta  suomalaisista kuntien ty\u00f6ntekij\u00f6ist\u00e4. Yhteens\u00e4 6257 (vastausaste 85%)  julkisen sektorin 44-58-vuotiasta ty\u00f6ntekij\u00e4\u00e4 useista Suomen kunnista  osallistui FLAME-kyselyyn vuonna 1981. Heit\u00e4 seurattiin 28 vuoden ajan  nelj\u00e4n\u00e4 eri ajankohtana, vuosina 1985 (N=5556), 1992 (N=4534), 1997  (N=3815) ja vuonna 2009 (N=3093). V\u00e4it\u00f6stutkimuksessa k\u00e4ytetyt ty\u00f6n  altistukset ovat per\u00e4isin l\u00e4ht\u00f6tilanteesta vuonna 1981 ja tulokset  suurimmalta osin seurannasta.<\/p><p>V\u00e4it\u00f6stutkimuksessa tunnistettiin nelj\u00e4 liikuntarajoitteiden  kehityskaarta, matala pysyv\u00e4, matala nouseva, korkea nouseva ja korkea  pysyv\u00e4. Keski-i\u00e4n ty\u00f6profiili, jota luonnehti suurempi tuki- ja  liikuntaelimiin kohdistuva rasitus, ennusti vahvasti arjen toimien  rajoitteisuutta my\u00f6hemm\u00e4ll\u00e4 i\u00e4ll\u00e4 kummallakin sukupuolella. Lis\u00e4\u00e4ntyneen  toimintarajoittuneisuuden korkean riskin ryhm\u00e4\u00e4n kuuluivat my\u00f6s  ty\u00f6profiilit, joita naisilla luonnehti fyysisesti v\u00e4hemm\u00e4n vaativa  toimistoty\u00f6 ja miehill\u00e4 esimiesty\u00f6 teknisiss\u00e4 ammateissa.<\/p><p>V\u00e4it\u00f6sty\u00f6n p\u00e4\u00e4telm\u00e4n\u00e4 voidaan todeta, ett\u00e4 ty\u00f6per\u00e4isten altistusten  taso ja altistusten yhteisvaikutukset keski-i\u00e4ss\u00e4 ennustavat vahvasti  tuki- ja liikuntaelinsairauksia sek\u00e4 liikunta- ja  toimintarajoitteisuutta vanhuudessa sek\u00e4 miehill\u00e4 ett\u00e4 naisilla. Kahden  samanaikaisen ty\u00f6per\u00e4isen altistuksen yhteisvaikutus on niin ik\u00e4\u00e4n  t\u00e4rke\u00e4\u00e4 huomioida ihmisten ollessa viel\u00e4 ty\u00f6el\u00e4m\u00e4ss\u00e4. Ty\u00f6paikka voisikin  toimia my\u00f6hemm\u00e4n el\u00e4m\u00e4n tuki- ja liikuntaelinterveyden rappeutumisen  v\u00e4hent\u00e4misen ja ehk\u00e4isemisen areenana. Tarvitaan edelleen lis\u00e4\u00e4 n\u00e4ytt\u00f6\u00e4  seurantatutkimuksista, jotta kyseisten yhteyksien syyseurausp\u00e4\u00e4telm\u00e4t  voidaan todentaa.<\/p><p>******<\/p><p>Prakash K.C.:n v\u00e4it\u00f6skirja ilmestyy sarjassa Acta Universitatis  Tamperensis; 2381, Tampere University Press, Tampere 2018. V\u00e4it\u00f6skirja  ilmestyy my\u00f6s s\u00e4hk\u00f6isen\u00e4 sarjassa <a href=\"http:\/\/urn.fi\/URN:ISBN:978-952-03-0755-4\"  target=\"_blank\">Acta Electronica Universitatis Tamperensis; 1890<\/a>, Tampere University Press 2018.<\/p><div><div>Lis\u00e4tietoja<\/div><div><p><a href=\"https:\/\/www.uta.fi\/yhteiskuntatieteiden-tiedekunta\"  target=\"_blank\">Yhteiskuntatieteiden tiedekunta<\/a><\/p><\/div>                                                                                                                          ","_fi_post_name":"vaitos-8","_fi_post_excerpt":"","_fi_post_title":"V\u00e4it\u00f6s 8.6.: Ty\u00f6per\u00e4inen altistus keski-i\u00e4ss\u00e4 ennustaa tuki- ja liikuntaelinsairauksia sek\u00e4 liikunta- ja toimintarajoitteisuutta vanhuudessa","_en_post_content":"","_en_post_name":"","_en_post_excerpt":"","_en_post_title":"","edit_language":"en","footnotes":""},"categories":[130,1],"tags":[],"class_list":["post-74","post","type-post","status-publish","format-standard","hentry","category-tiedeuutiset","category-yleinen","entry","no-media"],"_links":{"self":[{"href":"https:\/\/www.gerec.fi\/en\/wp-json\/wp\/v2\/posts\/74","targetHints":{"allow":["GET"]}}],"collection":[{"href":"https:\/\/www.gerec.fi\/en\/wp-json\/wp\/v2\/posts"}],"about":[{"href":"https:\/\/www.gerec.fi\/en\/wp-json\/wp\/v2\/types\/post"}],"author":[{"embeddable":true,"href":"https:\/\/www.gerec.fi\/en\/wp-json\/wp\/v2\/users\/1"}],"replies":[{"embeddable":true,"href":"https:\/\/www.gerec.fi\/en\/wp-json\/wp\/v2\/comments?post=74"}],"version-history":[{"count":1,"href":"https:\/\/www.gerec.fi\/en\/wp-json\/wp\/v2\/posts\/74\/revisions"}],"predecessor-version":[{"id":5339,"href":"https:\/\/www.gerec.fi\/en\/wp-json\/wp\/v2\/posts\/74\/revisions\/5339"}],"wp:attachment":[{"href":"https:\/\/www.gerec.fi\/en\/wp-json\/wp\/v2\/media?parent=74"}],"wp:term":[{"taxonomy":"category","embeddable":true,"href":"https:\/\/www.gerec.fi\/en\/wp-json\/wp\/v2\/categories?post=74"},{"taxonomy":"post_tag","embeddable":true,"href":"https:\/\/www.gerec.fi\/en\/wp-json\/wp\/v2\/tags?post=74"}],"curies":[{"name":"wp","href":"https:\/\/api.w.org\/{rel}","templated":true}]}}