{"id":7367,"date":"2020-05-06T16:52:24","date_gmt":"2020-05-06T13:52:24","guid":{"rendered":"https:\/\/www.gerec.fi\/?p=7367"},"modified":"2020-05-06T18:51:19","modified_gmt":"2020-05-06T15:51:19","slug":"","status":"publish","type":"post","link":"https:\/\/www.gerec.fi\/en\/ika-korona-ja-tutkijan-tehtava\/","title":{"rendered":"","raw":""},"content":{"rendered":"","protected":false,"raw":""},"excerpt":{"rendered":"Ik\u00e4ihmisi\u00e4 koskevat erityisrajoitukset ovat tuottaneet paljon hyv\u00e4\u00e4 ja paljon huonoa. \u00a0Taudilta suojelu johtaa sosiaaliseen eristykseen ja uhkaa lis\u00e4t\u00e4 ik\u00e4syrjint\u00e4\u00e4. Valtiovalta tekee p\u00e4\u00e4t\u00f6ksi\u00e4 tilanteessa, jossa yht\u00e4 hyv\u00e4\u00e4 vaihtoehtoa ei ole. Tutkijan teht\u00e4v\u00e4 on muistuttaa mit\u00e4 p\u00e4\u00e4t\u00f6ksi\u00e4 teht\u00e4ess\u00e4 olisi otettava huomion ja&hellip;","protected":false,"raw":""},"author":1,"featured_media":0,"comment_status":"closed","ping_status":"closed","sticky":false,"template":"","format":"standard","meta":{"_mi_skip_tracking":false,"_fi_post_content":"<strong>Ik\u00e4ihmisi\u00e4 koskevat erityisrajoitukset ovat tuottaneet paljon hyv\u00e4\u00e4 ja paljon huonoa. \u00a0Taudilta suojelu johtaa sosiaaliseen eristykseen ja uhkaa lis\u00e4t\u00e4 ik\u00e4syrjint\u00e4\u00e4. Valtiovalta tekee p\u00e4\u00e4t\u00f6ksi\u00e4 tilanteessa, jossa yht\u00e4 hyv\u00e4\u00e4 vaihtoehtoa ei ole. Tutkijan teht\u00e4v\u00e4 on muistuttaa mit\u00e4 p\u00e4\u00e4t\u00f6ksi\u00e4 teht\u00e4ess\u00e4 olisi otettava huomion ja mit\u00e4 niist\u00e4 seuraa.\u00a0<\/strong>\r\n\r\n[caption id=\"attachment_7366\" align=\"alignright\" width=\"300\"]<img class=\"size-medium wp-image-7366\" src=\"https:\/\/www.gerec.fi\/wp-content\/uploads\/2020\/05\/kuva-Jylha_Marja-300x200.jpg\" alt=\"Marja Jylh\u00e4\" width=\"300\" height=\"200\" \/> Marja Jylh\u00e4[\/caption]\r\n\r\nHallitus ohjeisti 15.3. yli 70-vuotiaita el\u00e4m\u00e4\u00e4n karanteenia muistuttavissa olosuhteissa ja kielsi vierailut hoivakoteihin. \u00a0Uudessa 4.5. annetussa p\u00e4\u00e4t\u00f6ksess\u00e4 ohjeet muotoiltiin uudella tavalla, n\u00e4in:\r\n\r\n\u201dYli 70-vuotiaiden suositellaan edelleen v\u00e4ltt\u00e4v\u00e4n fyysisi\u00e4 kontakteja mahdollisuuksien mukaan. Valtioneuvosto korostaa riskiryhm\u00e4\u00e4n kuuluvien omaa harkintaa toimintaohjetta noudatettaessa.\u201d\r\n\r\n\u201dRajoitukset vierailuista sosiaali- ja terveydenhuollon toimintayksik\u00f6iss\u00e4 ovat voimassa toistaiseksi ja asiaa tarkastellaan seuraavan kerran kes\u00e4kuun loppuun menness\u00e4. Esimerkiksi hoivayksik\u00f6iss\u00e4 etsit\u00e4\u00e4n uusia k\u00e4yt\u00e4nt\u00f6j\u00e4 turvallisten sosiaalisten kontaktien mahdollistamiseksi.\u201d\r\n\r\nAlusta saakka ohjeet ovat her\u00e4tt\u00e4neet keskustelua. Vanhenemistutkijan haluttaisiin kertovan, onko hallitus oikeassa vai v\u00e4\u00e4r\u00e4ss\u00e4. Myyvimm\u00e4n jutun media saisi, jos sanoisimme, ett\u00e4 ihan v\u00e4\u00e4r\u00e4ss\u00e4 on.\r\n\r\nItse en suostu n\u00e4in sanomaan. Asia on paljon monimutkaisempi. Eri n\u00e4k\u00f6kulmat johtavat erilaisiin p\u00e4\u00e4telmiin. T\u00e4ss\u00e4 kolme vanhenemistutkimuksen n\u00e4k\u00f6kulmaa.\r\n\r\n<strong>Koronavirussairauden n\u00e4k\u00f6kulma<\/strong>\r\n\r\nYksiselitteinen tieto kertoo, ett\u00e4 jos taudin saa, se on sit\u00e4 vaarallisempi, ankarampi ja useammin kuolemaan johtava mit\u00e4 enemm\u00e4n on ik\u00e4\u00e4. Sairastuneiden kuolemanvaara on suurempi kuusikymppisill\u00e4 kuin sit\u00e4 nuoremmilla, suurempi seitsem\u00e4nkymppisill\u00e4 kuin kuusikymppisill\u00e4 ja taas suurempi kahdeksankymppisill\u00e4 kuin seitsem\u00e4nkymppisill\u00e4. Rajoitukset ovat perusteltuja \u201dhengen ja terveyden suojaamiseksi\u201d. N\u00e4ytt\u00e4\u00e4, ett\u00e4 rajoitukset ovat toimineet niin kuin on tarkoitettukin. On aika varmaa, ett\u00e4 ihmishenki\u00e4 on s\u00e4\u00e4stynyt.\r\n\r\n<strong>Ik\u00e4\u00e4ntyneiden kokonaisterveyden ja hyvinvoinnin n\u00e4k\u00f6kulma<\/strong>\r\n\r\nRajoitukset ovat pit\u00e4neet ik\u00e4\u00e4ntyneet paljolti kotonaan. Vaikka monet lenkkeilev\u00e4t ahkerasti, liikkuminen kokonaisuutena on v\u00e4hentynyt, koska aika moni liikkuu enimm\u00e4kseen hy\u00f6tytarkoituksessa, menn\u00e4kseen kauppaan, kerhoon tai kyl\u00e4\u00e4n.\u00a0 Lihasvoima ja koko toimintakyky uhkaavat heikenty\u00e4. Yksin oleminen v\u00e4sytt\u00e4\u00e4, masentaa ja laskee kognitiivista toimintakyky\u00e4. L\u00e4heisten ik\u00e4v\u00e4 madaltaa mielialaa.\u00a0 Voi olla, ettei tule sy\u00f6ty\u00e4 yht\u00e4 hyvin kuin ennen. Moni yhdeks\u00e4nkymmenvuotias on ongelmissa kaupassak\u00e4ynnin tai apteekkiasioinnin kanssa, kun niist\u00e4 yleens\u00e4 ovat huolehtineet seitsem\u00e4nkymppiset lapset. Pitk\u00e4aikaiset ja \u00e4killisemm\u00e4tkin sairaudet j\u00e4\u00e4v\u00e4t hoitamatta, kun vastaanotolle ei uskalla l\u00e4hte\u00e4, vaikka aika olisi varattu.\r\n\r\nHoivakotien vierailurajoitukset uhkaavat kaikkein vanhimpien ja hauraimpien fyysist\u00e4 terveytt\u00e4 ja el\u00e4m\u00e4n laatua. Omaiset ovat t\u00e4rkeit\u00e4 auttajia sy\u00f6misess\u00e4, k\u00e4velemisess\u00e4 ja mielialan yll\u00e4pidossa. Kun ei voi tavata puolisoa, jonka kanssa on el\u00e4nyt yhdess\u00e4 puoli vuosisataa eiv\u00e4tk\u00e4 el\u00e4m\u00e4ns\u00e4 viimeisi\u00e4 vuosia tai kuukausia el\u00e4v\u00e4t vanhemmat voi tavata lapsiaan, el\u00e4m\u00e4lt\u00e4 uhkaa kadota mieli.\r\n\r\n<strong>Ik\u00e4politiikan n\u00e4k\u00f6kulma<\/strong>\r\n\r\nKorkeariskisen ryhm\u00e4n liikkumisen ja vuorovaikutuksen rajoittaminen i\u00e4n perusteella on periaatteellista pohdintaa her\u00e4tt\u00e4v\u00e4 asia. Tilastot kertovat, ett\u00e4 20-40 -vuotiaat miehet ovat muita suuremmassa vaarassa joutua pahoinpitelyrikosten uhreiksi.\u00a0 Jos he pysyisiv\u00e4t kotonaan, monelta vammalta s\u00e4\u00e4stytt\u00e4isiin ja ensihoitoyksikk\u00f6jen ty\u00f6kuorma v\u00e4henisi. En ole kuullut sellaista ehdotettavan enk\u00e4 ehdota min\u00e4k\u00e4\u00e4n. Tietenk\u00e4\u00e4n nuorehkojen miesten pahoinpitelyvaaraa ei suoraan voi verrata ik\u00e4\u00e4ntyneiden koronavaaraan. Rakenteellisesti kyse on kumminkin samasta asiasta.\r\n\r\nYli 70-vuotiaille asetetut rajoitukset koskevat ryhm\u00e4\u00e4, jonka i\u00e4n vaihtelu on noin 40 vuotta. Harvassa asiassa vastasyntyneet tulisi mieleen niputtaa yhteen 40-vuotiaiden kanssa. Seitsem\u00e4nkymppiset ovat suurimmaksi osaksi hyv\u00e4kuntoisia, aktiivisia, nuorempien tavoin maailmaan ja yhteiskuntaan osallistuvia ihmisi\u00e4, ja useammin auttajia kuin autettavia. Nyt koko yli 70-vuotiaiden ryhm\u00e4 tullaan, hyvien aikomusten sivutuotteena, esitt\u00e4neeksi suojelua ja apua tarvitsevana.\r\n\r\nYh\u00e4 suurempi osa suomalaisista on yli 70-vuotiaita. Nopeasti ik\u00e4\u00e4ntyv\u00e4n yhteiskunnan kest\u00e4vyyden keskeinen edellytys on ik\u00e4integraatio, siis ik\u00e4erottelun poistaminen sielt\u00e4 miss\u00e4 se ei ole ehdottoman perusteltua ja tasavertaisten aktiivisuuden, osallistumisen ja vaikuttamisen mahdollisuuksien pit\u00e4minen auki kaikenik\u00e4isille. Koronan vuoksi asetetut ik\u00e4rajat luovat nyt, ilman ett\u00e4 siihen pyritt\u00e4isiin, jaon \u201dtavallisiin suomalaisiin\u201d ja \u201dik\u00e4\u00e4ntyneisiin\u201d. Pahimmillaan se her\u00e4tt\u00e4\u00e4 ageistisia kysymyksi\u00e4 siit\u00e4, miksi nuorempien pit\u00e4isi rajoittaa omaa el\u00e4m\u00e4\u00e4ns\u00e4 \u201dniiden vanhojen\u201d suojelemiseksi. \u00a0Parhaimmillaankin se uhkaa j\u00e4tt\u00e4\u00e4 yhteiskuntaan muistij\u00e4ljen \u201dik\u00e4\u00e4ntyneist\u00e4\u201d, jotka ovat erilaisia kuin muut.\r\n\r\n****\r\n\r\nKoronapolitiikka antaa tutkijalle paljon mietitt\u00e4v\u00e4\u00e4 ja havainnollistaa yhteiskunnallisen p\u00e4\u00e4t\u00f6ksenteon vaikeutta. Kyseess\u00e4 on aito dilemma eli sellainen kysymys, johon ei ole yht\u00e4 hyv\u00e4\u00e4 vaihtoehtoa. Eri n\u00e4k\u00f6kulmista voi perustellusti p\u00e4\u00e4ty\u00e4 erilaiseen toimintaan. N\u00e4kyv\u00e4ksi tulee sekin, ett\u00e4 samalla kun jollakin valitulla toiminnalla saavutetaan tarkoitettuja hyvi\u00e4 tuloksia, sill\u00e4 voi olla my\u00f6s monia kielteisi\u00e4 seurauksia, joita kukaan ei halunnut.\r\n\r\nT\u00e4ss\u00e4 tilanteessa ja suuren ep\u00e4varmuuden vallitessa Valtioneuvoston on p\u00e4\u00e4t\u00f6ksi\u00e4\u00e4n teht\u00e4v\u00e4. N\u00e4m\u00e4 p\u00e4\u00e4t\u00f6kset ovat poliittisia ja niit\u00e4 tehdess\u00e4\u00e4n hallitus joutuu pohtimaan monenlaisia terveyden, hyvinvoinnin, talouden, yleisen yhteiskuntael\u00e4m\u00e4n, tasa-arvon ja juridiikan n\u00e4k\u00f6kulmia.\r\n\r\nTutkija voi kansalaisena esitt\u00e4\u00e4 valituista toimintalinjoista oman mielipiteens\u00e4 ihan niin kuin kaikki kansalaiset voivat. Mutta tutkijan varsinainen teht\u00e4v\u00e4 on toinen. Ensinn\u00e4kin tutkijan pit\u00e4\u00e4, tutkimustietoon ja tutkijan kokemuksen antamaan harkintaan perustuen, muistuttaa, mit\u00e4 asioita p\u00e4\u00e4tt\u00e4jien kannattaisi p\u00e4\u00e4t\u00f6ksens\u00e4 pohjaksi ottaa huomioon. Toiseksi tutkijan teht\u00e4v\u00e4n\u00e4 on n\u00e4ytt\u00e4\u00e4, mit\u00e4 mist\u00e4kin p\u00e4\u00e4t\u00f6ksest\u00e4 todenn\u00e4k\u00f6isesti seuraa. N\u00e4ist\u00e4 pit\u00e4\u00e4 puhua, vaikka viestintuojaa ei aina kiitelt\u00e4isik\u00e4\u00e4n.\r\n\r\nT\u00e4t\u00e4 kirjoittaessani, 6.5., n\u00e4en viranomaisten puhuvan liikkumisrajoituksista ja kontaktien v\u00e4ltt\u00e4misest\u00e4 velvoitteen sijaan suosituksena. Koronalta suojautumisen ohella muutkin n\u00e4k\u00f6kulmat tulevat esiin. Vaikka perusohjeet eiv\u00e4t ole muuttuneet, nyt on siis enemm\u00e4n tilaa ik\u00e4ihmisten omalle harkinnalle ja toimijuudelle \u2013 ja viisaudelle.\r\n\r\n<em>Kirjoittaja Marja Jylh\u00e4 on gerontologian professori Tampereen yliopistossa. H\u00e4n on mukana Gerontologian tutkimuskeskuksessa (GEREC) ja Ik\u00e4\u00e4ntymisen ja hoivan tutkimuksen huippuyksik\u00f6ss\u00e4 (CoEAgeCare).<\/em>","_fi_post_name":"ika-korona-ja-tutkijan-tehtava","_fi_post_excerpt":"","_fi_post_title":"Ik\u00e4, korona ja tutkijan teht\u00e4v\u00e4","_en_post_content":"","_en_post_name":"","_en_post_excerpt":"","_en_post_title":"","edit_language":"en","footnotes":""},"categories":[132],"tags":[298,301,299,297,300],"class_list":["post-7367","post","type-post","status-publish","format-standard","hentry","category-blogi","tag-epidemia","tag-ikaihmiset","tag-karanteeni","tag-koronavirus","tag-tasa-arvo","entry","no-media"],"_links":{"self":[{"href":"https:\/\/www.gerec.fi\/en\/wp-json\/wp\/v2\/posts\/7367","targetHints":{"allow":["GET"]}}],"collection":[{"href":"https:\/\/www.gerec.fi\/en\/wp-json\/wp\/v2\/posts"}],"about":[{"href":"https:\/\/www.gerec.fi\/en\/wp-json\/wp\/v2\/types\/post"}],"author":[{"embeddable":true,"href":"https:\/\/www.gerec.fi\/en\/wp-json\/wp\/v2\/users\/1"}],"replies":[{"embeddable":true,"href":"https:\/\/www.gerec.fi\/en\/wp-json\/wp\/v2\/comments?post=7367"}],"version-history":[{"count":8,"href":"https:\/\/www.gerec.fi\/en\/wp-json\/wp\/v2\/posts\/7367\/revisions"}],"predecessor-version":[{"id":7375,"href":"https:\/\/www.gerec.fi\/en\/wp-json\/wp\/v2\/posts\/7367\/revisions\/7375"}],"wp:attachment":[{"href":"https:\/\/www.gerec.fi\/en\/wp-json\/wp\/v2\/media?parent=7367"}],"wp:term":[{"taxonomy":"category","embeddable":true,"href":"https:\/\/www.gerec.fi\/en\/wp-json\/wp\/v2\/categories?post=7367"},{"taxonomy":"post_tag","embeddable":true,"href":"https:\/\/www.gerec.fi\/en\/wp-json\/wp\/v2\/tags?post=7367"}],"curies":[{"name":"wp","href":"https:\/\/api.w.org\/{rel}","templated":true}]}}