{"id":7354,"date":"2020-04-02T17:25:49","date_gmt":"2020-04-02T14:25:49","guid":{"rendered":"https:\/\/www.gerec.fi\/?p=7354"},"modified":"2020-04-02T17:25:49","modified_gmt":"2020-04-02T14:25:49","slug":"","status":"publish","type":"post","link":"https:\/\/www.gerec.fi\/en\/professori-marja-jylha-ihmisoikeusvaltuuskunnan-jaseneksi\/","title":{"rendered":"","raw":""},"content":{"rendered":"","protected":false,"raw":""},"excerpt":{"rendered":"Professori Marja Jylh\u00e4 on nimitetty Ihmisoikeusvaltuuskunnan j\u00e4seneksi vuosiksi 2020-2024. Ihmisoikeusvaltuuskunta k\u00e4sittelee laajoja ja periaatteellisia perus- ja ihmisoikeusasioita ja se on Ihmisoikeuskeskuksen osa. Valtuuskunnan asettaa Eduskunnan oikeusasiamies. Tampereen yliopistosta valtuuskuntaan nimitettiin my\u00f6s sosiaalioikeuden professori Laura Kalliomaa-Puha. Lis\u00e4tietoja: https:\/\/www.ihmisoikeuskeskus.fi\/tietoa-meista\/ihmisoikeusvaltuuskunta\/","protected":false,"raw":""},"author":1,"featured_media":0,"comment_status":"closed","ping_status":"closed","sticky":false,"template":"","format":"standard","meta":{"_mi_skip_tracking":false,"_fi_post_content":"<strong>Professori Marja Jylh\u00e4 on nimitetty Ihmisoikeusvaltuuskunnan j\u00e4seneksi vuosiksi 2020-2024.<\/strong>\r\n\r\nIhmisoikeusvaltuuskunta k\u00e4sittelee laajoja ja periaatteellisia perus- ja ihmisoikeusasioita ja se on Ihmisoikeuskeskuksen osa. Valtuuskunnan asettaa Eduskunnan oikeusasiamies. Tampereen yliopistosta valtuuskuntaan nimitettiin my\u00f6s sosiaalioikeuden professori Laura Kalliomaa-Puha.\r\n\r\nLis\u00e4tietoja: https:\/\/www.ihmisoikeuskeskus.fi\/tietoa-meista\/ihmisoikeusvaltuuskunta\/","_fi_post_name":"professori-marja-jylha-ihmisoikeusvaltuuskunnan-jaseneksi","_fi_post_excerpt":"","_fi_post_title":"Professori Marja Jylh\u00e4 Ihmisoikeusvaltuuskunnan j\u00e4seneksi","_en_post_content":"","_en_post_name":"","_en_post_excerpt":"","_en_post_title":"","edit_language":"en","footnotes":""},"categories":[130],"tags":[288,287],"class_list":["post-7354","post","type-post","status-publish","format-standard","hentry","category-tiedeuutiset","tag-ihmisoikeusvaltuuskunta","tag-nimitys","entry","no-media"],"_links":{"self":[{"href":"https:\/\/www.gerec.fi\/en\/wp-json\/wp\/v2\/posts\/7354","targetHints":{"allow":["GET"]}}],"collection":[{"href":"https:\/\/www.gerec.fi\/en\/wp-json\/wp\/v2\/posts"}],"about":[{"href":"https:\/\/www.gerec.fi\/en\/wp-json\/wp\/v2\/types\/post"}],"author":[{"embeddable":true,"href":"https:\/\/www.gerec.fi\/en\/wp-json\/wp\/v2\/users\/1"}],"replies":[{"embeddable":true,"href":"https:\/\/www.gerec.fi\/en\/wp-json\/wp\/v2\/comments?post=7354"}],"version-history":[{"count":1,"href":"https:\/\/www.gerec.fi\/en\/wp-json\/wp\/v2\/posts\/7354\/revisions"}],"predecessor-version":[{"id":7355,"href":"https:\/\/www.gerec.fi\/en\/wp-json\/wp\/v2\/posts\/7354\/revisions\/7355"}],"wp:attachment":[{"href":"https:\/\/www.gerec.fi\/en\/wp-json\/wp\/v2\/media?parent=7354"}],"wp:term":[{"taxonomy":"category","embeddable":true,"href":"https:\/\/www.gerec.fi\/en\/wp-json\/wp\/v2\/categories?post=7354"},{"taxonomy":"post_tag","embeddable":true,"href":"https:\/\/www.gerec.fi\/en\/wp-json\/wp\/v2\/tags?post=7354"}],"curies":[{"name":"wp","href":"https:\/\/api.w.org\/{rel}","templated":true}]}}