{"id":7350,"date":"2020-03-30T12:23:51","date_gmt":"2020-03-30T09:23:51","guid":{"rendered":"https:\/\/www.gerec.fi\/?p=7350"},"modified":"2020-03-30T12:23:51","modified_gmt":"2020-03-30T09:23:51","slug":"","status":"publish","type":"post","link":"https:\/\/www.gerec.fi\/en\/yli-90-vuotiaat-arvioivat-terveyttaan-oireiden-ja-vaivojen-enemman-kuin-sairauksien-perusteella\/","title":{"rendered":"","raw":""},"content":{"rendered":"","protected":false,"raw":""},"excerpt":{"rendered":"Yhdeks\u00e4nkymment\u00e4vuotiaille ja sit\u00e4 vanhemmille sairauksien seuraukset ovat t\u00e4rke\u00e4mpi\u00e4 terveyden osoittimia kuin itse sairaudet. \u00a0V\u00e4symys, huimaus, liikkumisvaikeudet ja heikko n\u00e4k\u00f6 heikensiv\u00e4t erityisesti arviota omasta terveydest\u00e4. L\u00e4\u00e4k\u00e4rin toteamista terveysongelmista masennuksella oli keskeinen rooli siin\u00e4, millaiseksi terveys koettiin, ja my\u00f6s syd\u00e4nsairaudet vaikuttivat. Nivelkuluma&hellip;","protected":false,"raw":""},"author":1,"featured_media":0,"comment_status":"closed","ping_status":"closed","sticky":false,"template":"","format":"standard","meta":{"_mi_skip_tracking":false,"_fi_post_content":"<strong>Yhdeks\u00e4nkymment\u00e4vuotiaille ja sit\u00e4 vanhemmille sairauksien seuraukset ovat t\u00e4rke\u00e4mpi\u00e4 terveyden osoittimia kuin itse sairaudet. \u00a0V\u00e4symys, huimaus, liikkumisvaikeudet ja heikko n\u00e4k\u00f6 heikensiv\u00e4t erityisesti arviota omasta terveydest\u00e4. L\u00e4\u00e4k\u00e4rin toteamista terveysongelmista masennuksella oli keskeinen rooli siin\u00e4, millaiseksi terveys koettiin, ja my\u00f6s syd\u00e4nsairaudet vaikuttivat. Nivelkuluma oli yhteydess\u00e4 koettuun terveyteen seuraustensa kautta. Muistisairaus heikensi yhteyksi\u00e4 erilaisten terveysongelmien ja koetun terveyden v\u00e4lill\u00e4.<\/strong>\r\n\r\nMit\u00e4 asioita 90-vuotias ottaa huomioon, kun arvioi terveytt\u00e4\u00e4n? Millainen on koetun terveyden rakenne hyvin vanhoilla? N\u00e4it\u00e4 asioita selvitettiin Tampereen yliopiston Ik\u00e4\u00e4ntymisen ja hoivan tutkimuksen huippuyksik\u00f6n ja Gerontologian tutkimuskeskuksen tutkimuksessa. Tutkimuksessa k\u00e4ytettiin Tampereella ker\u00e4tyn Tervaskannot 90+ -aineiston postikysely\u00e4, josta tarkasteltiin sek\u00e4 koko t\u00e4m\u00e4n ik\u00e4ist\u00e4 v\u00e4est\u00f6\u00e4 ja erikseen muistisairaita.\r\n\r\nHarva yksitt\u00e4inen kysymys pystyy pureutumaan terveyteen yht\u00e4 syv\u00e4lle kuin yksinkertainen: \u201dMillaiseksi arvioitte nykyisen terveytenne? Onko se eritt\u00e4in hyv\u00e4, melko hyv\u00e4, keskitasoinen, melko huono vai huono?\u201d \u00a0Aiempien tutkimusten perusteella vastauksissa t\u00e4h\u00e4n koettua terveytt\u00e4 selvitt\u00e4v\u00e4\u00e4n kysymykseen ihmiset huomioivat diagnosoidut sairaudet, toimintakyvyn ja erilaiset koetut oireet kehon toiminnassa. On kuitenkin vain v\u00e4h\u00e4n tutkimuksia kaikkein vanhimpien tai muistisairaiden ihmisten terveysarvioista. My\u00f6s t\u00e4m\u00e4n tutkimuksen menetelm\u00e4\u00e4, rakenneyht\u00e4l\u00f6mallia, on k\u00e4ytetty harvoin.\r\n<ul>\r\n \t<li>K\u00e4ytimme tutkimuksessamme rakenneyht\u00e4l\u00f6mallinnusta, jonka avulla pystyimme selvitt\u00e4m\u00e4\u00e4n, mit\u00e4 asioita hyvin vanhat ihmiset ja muistisairaat ottavat huomioon suoraan tai ep\u00e4suorasti \u2013 esimerkiksi liikkumisvaikeuksien tai v\u00e4symyksen v\u00e4lityksell\u00e4 \u2013 arvioidessaan terveytt\u00e4\u00e4n, kertoo tutkijatohtori Inna Lisko.<\/li>\r\n<\/ul>\r\nKun tarkasteltiin koko 90-vuotiaiden ja sit\u00e4 vanhempien joukkoa, v\u00e4symys, masennus, huimaus, liikkumisvaikeudet, heikko n\u00e4k\u00f6 ja syd\u00e4nsairaudet olivat suoraan yhteydess\u00e4 koettuun terveyteen. Ep\u00e4suorasti koettuun terveyteen oli yhteydess\u00e4 erityisesti muistisairaudet ja nivelkuluma.\r\n<ul>\r\n \t<li>N\u00e4ist\u00e4 tuloksista voisin nostaa esille nivelkuluman, sill\u00e4 t\u00e4ll\u00e4 hetkell\u00e4 sit\u00e4 ei ehk\u00e4 riitt\u00e4v\u00e4sti huomioida. Nivelkuluman olemassaoloa sin\u00e4ns\u00e4 ei ilmeisesti pidetty huonon terveyden merkkin\u00e4, mutta ep\u00e4suorasti se oli yhteydess\u00e4 huonompaan koettuun terveyteen niin liikkumisvaikeuksien, v\u00e4symyksen kuin masennuksenkin v\u00e4lityksell\u00e4, avaa Lisko.<\/li>\r\n<\/ul>\r\nKun tarkasteltiin erikseen muistisairaita \u2013 henkil\u00f6it\u00e4 jotka sairaudestaan huolimatta olivat kyenneet itse arvioimaan terveytt\u00e4\u00e4n \u2013 valtaosa havaituista yhteyksist\u00e4 oli heikompia kuin koko ik\u00e4ryhm\u00e4ll\u00e4.\r\n<ul>\r\n \t<li>Muistisairailla vain v\u00e4symys, huimaus ja heikko n\u00e4k\u00f6 olivat suoraan yhteydess\u00e4 huonompaan koettuun terveyteen, Lisko t\u00e4sment\u00e4\u00e4.<\/li>\r\n<\/ul>\r\nIhmisen oma arvio terveydest\u00e4\u00e4n on aiempien tutkimusten perusteella t\u00e4rke\u00e4 terveydentilan osoitin, joka ennustaa voimakkaasti j\u00e4ljell\u00e4 olevaa elinik\u00e4\u00e4 ja palveluiden tarvetta. T\u00e4m\u00e4 tutkimus tuotti paljon uutta tietoa terveyden eri osoittimien keskin\u00e4isist\u00e4 yhteyksist\u00e4 hyvin korkeassa i\u00e4ss\u00e4.\r\n<ul>\r\n \t<li>N\u00e4it\u00e4 tietoja pystyt\u00e4\u00e4nkin hy\u00f6dynt\u00e4m\u00e4\u00e4n tulevissa tutkimuksissa, toteaa Lisko.<\/li>\r\n<\/ul>\r\n<strong>Alkuper\u00e4inen artikkeli\r\n<\/strong>Lisko I., T\u00f6rm\u00e4kangas T. &amp; Jylh\u00e4 M., Structure of self-rated health among the oldest old: Analyses in the total population and those living with dementia, <em>SSM - Population Health<\/em> 11 (2020) 100567, doi: <a href=\"https:\/\/doi.org\/10.1016\/j.ssmph.2020.100567\">https:\/\/doi.org\/10.1016\/j.ssmph.2020.100567<\/a>.\r\n\r\n<strong>Lis\u00e4tietoja\r\n<\/strong>Tutkijatohtori Inna Lisko, inna.k.lisko@jyu.fi","_fi_post_name":"yli-90-vuotiaat-arvioivat-terveyttaan-oireiden-ja-vaivojen-enemman-kuin-sairauksien-perusteella","_fi_post_excerpt":"","_fi_post_title":"Yli 90-vuotiaat arvioivat terveytt\u00e4\u00e4n oireiden ja vaivojen enemm\u00e4n kuin sairauksien perusteella","_en_post_content":"","_en_post_name":"","_en_post_excerpt":"","_en_post_title":"","edit_language":"en","footnotes":""},"categories":[130],"tags":[134,285,286,169,135],"class_list":["post-7350","post","type-post","status-publish","format-standard","hentry","category-tiedeuutiset","tag-gerontologia","tag-ikaantymien","tag-sairaus","tag-terveys","tag-tutkimus","entry","no-media"],"_links":{"self":[{"href":"https:\/\/www.gerec.fi\/en\/wp-json\/wp\/v2\/posts\/7350","targetHints":{"allow":["GET"]}}],"collection":[{"href":"https:\/\/www.gerec.fi\/en\/wp-json\/wp\/v2\/posts"}],"about":[{"href":"https:\/\/www.gerec.fi\/en\/wp-json\/wp\/v2\/types\/post"}],"author":[{"embeddable":true,"href":"https:\/\/www.gerec.fi\/en\/wp-json\/wp\/v2\/users\/1"}],"replies":[{"embeddable":true,"href":"https:\/\/www.gerec.fi\/en\/wp-json\/wp\/v2\/comments?post=7350"}],"version-history":[{"count":3,"href":"https:\/\/www.gerec.fi\/en\/wp-json\/wp\/v2\/posts\/7350\/revisions"}],"predecessor-version":[{"id":7353,"href":"https:\/\/www.gerec.fi\/en\/wp-json\/wp\/v2\/posts\/7350\/revisions\/7353"}],"wp:attachment":[{"href":"https:\/\/www.gerec.fi\/en\/wp-json\/wp\/v2\/media?parent=7350"}],"wp:term":[{"taxonomy":"category","embeddable":true,"href":"https:\/\/www.gerec.fi\/en\/wp-json\/wp\/v2\/categories?post=7350"},{"taxonomy":"post_tag","embeddable":true,"href":"https:\/\/www.gerec.fi\/en\/wp-json\/wp\/v2\/tags?post=7350"}],"curies":[{"name":"wp","href":"https:\/\/api.w.org\/{rel}","templated":true}]}}