{"id":7302,"date":"2020-02-24T12:03:00","date_gmt":"2020-02-24T10:03:00","guid":{"rendered":"https:\/\/www.gerec.fi\/?p=7302"},"modified":"2020-02-24T12:19:46","modified_gmt":"2020-02-24T10:19:46","slug":"","status":"publish","type":"post","link":"https:\/\/www.gerec.fi\/en\/sustainable-work-ability-and-aging-kirja-julkaistu\/","title":{"rendered":"","raw":""},"content":{"rendered":"","protected":false,"raw":""},"excerpt":{"rendered":"Kest\u00e4v\u00e4 ja riitt\u00e4v\u00e4 ty\u00f6kyky on t\u00e4rke\u00e4 edellytys pidentyneeseen ty\u00f6uraan ja terveen\u00e4 vanhenemiseen. GERECin ty\u00f6terveyden professori Clas-H\u00e5kan Nyg\u00e5rd on toimittanut juuri julkaistun kirjan \u201dSustainable Work Ability and Aging\u201d. Uusi kirja sis\u00e4lt\u00e4\u00e4 17 eri artikkelia, joissa k\u00e4sitell\u00e4\u00e4n monipuolisesti ty\u00f6kyky\u00e4 ja sen m\u00e4\u00e4ritt\u00e4ji\u00e4,&hellip;","protected":false,"raw":""},"author":1,"featured_media":0,"comment_status":"closed","ping_status":"closed","sticky":false,"template":"","format":"standard","meta":{"_mi_skip_tracking":false,"_fi_post_content":"<strong>Kest\u00e4v\u00e4 ja riitt\u00e4v\u00e4 ty\u00f6kyky on t\u00e4rke\u00e4 edellytys pidentyneeseen ty\u00f6uraan ja terveen\u00e4 vanhenemiseen. GERECin ty\u00f6terveyden professori Clas-H\u00e5kan Nyg\u00e5rd on toimittanut juuri julkaistun kirjan \u201dSustainable Work Ability and Aging\u201d. <\/strong>\r\n\r\n<img class=\"size-medium wp-image-7301 alignright\" src=\"https:\/\/www.gerec.fi\/wp-content\/uploads\/2020\/02\/Kansi-210x300.png\" alt=\"\" width=\"210\" height=\"300\" \/>\r\n\r\nUusi kirja sis\u00e4lt\u00e4\u00e4 17 eri artikkelia, joissa k\u00e4sitell\u00e4\u00e4n monipuolisesti ty\u00f6kyky\u00e4 ja sen m\u00e4\u00e4ritt\u00e4ji\u00e4, kuinka vanhenevat ty\u00f6ntekij\u00e4t sopeutuvat ty\u00f6h\u00f6ns\u00e4 ja malleja siit\u00e4, miten ty\u00f6h\u00f6n voi vaikuttaa interventioilla. Englanninkielinen kirja sopii ik\u00e4- ja ty\u00f6aiheista kiinnostuneille tutkijoille, mutta my\u00f6s soveltajille. Kirjan on julkaissut MDPI.<strong>\u00a0<\/strong>\r\n\r\nKirja on saatavilla vapaasti s\u00e4hk\u00f6isen\u00e4 osoitteessa <a href=\"https:\/\/www.mdpi.com\/books\/pdfview\/book\/2027\">https:\/\/www.mdpi.com\/books\/pdfview\/book\/2027<\/a>\r\n\r\n&nbsp;","_fi_post_name":"sustainable-work-ability-and-aging-kirja-julkaistu","_fi_post_excerpt":"","_fi_post_title":"\u201dSustainable Work Ability and Aging\u201d -kirja julkaistu","_en_post_content":"","_en_post_name":"","_en_post_excerpt":"","_en_post_title":"","edit_language":"en","footnotes":""},"categories":[130],"tags":[274,146,271,273,272],"class_list":["post-7302","post","type-post","status-publish","format-standard","hentry","category-tiedeuutiset","tag-ika","tag-ikaantyminen","tag-kirja","tag-tyo","tag-tyoelama","entry","no-media"],"_links":{"self":[{"href":"https:\/\/www.gerec.fi\/en\/wp-json\/wp\/v2\/posts\/7302","targetHints":{"allow":["GET"]}}],"collection":[{"href":"https:\/\/www.gerec.fi\/en\/wp-json\/wp\/v2\/posts"}],"about":[{"href":"https:\/\/www.gerec.fi\/en\/wp-json\/wp\/v2\/types\/post"}],"author":[{"embeddable":true,"href":"https:\/\/www.gerec.fi\/en\/wp-json\/wp\/v2\/users\/1"}],"replies":[{"embeddable":true,"href":"https:\/\/www.gerec.fi\/en\/wp-json\/wp\/v2\/comments?post=7302"}],"version-history":[{"count":6,"href":"https:\/\/www.gerec.fi\/en\/wp-json\/wp\/v2\/posts\/7302\/revisions"}],"predecessor-version":[{"id":7308,"href":"https:\/\/www.gerec.fi\/en\/wp-json\/wp\/v2\/posts\/7302\/revisions\/7308"}],"wp:attachment":[{"href":"https:\/\/www.gerec.fi\/en\/wp-json\/wp\/v2\/media?parent=7302"}],"wp:term":[{"taxonomy":"category","embeddable":true,"href":"https:\/\/www.gerec.fi\/en\/wp-json\/wp\/v2\/categories?post=7302"},{"taxonomy":"post_tag","embeddable":true,"href":"https:\/\/www.gerec.fi\/en\/wp-json\/wp\/v2\/tags?post=7302"}],"curies":[{"name":"wp","href":"https:\/\/api.w.org\/{rel}","templated":true}]}}