{"id":7294,"date":"2020-02-18T08:39:09","date_gmt":"2020-02-18T06:39:09","guid":{"rendered":"https:\/\/www.gerec.fi\/?p=7294"},"modified":"2020-02-18T08:39:09","modified_gmt":"2020-02-18T06:39:09","slug":"","status":"publish","type":"post","link":"https:\/\/www.gerec.fi\/en\/mita-kuuluu-60-vuotiaille-kahdeksanvuotiaana-ensimmaisen-kerran-tutkittuja-kartoitetaan-taas\/","title":{"rendered":"","raw":""},"content":{"rendered":"","protected":false,"raw":""},"excerpt":{"rendered":"Kahdeksanvuotiaana ensimm\u00e4isen kerran mukana olleita tutkittavia kaivataan j\u00e4lleen mukaan Jyv\u00e4skyl\u00e4n yliopiston Lapsesta aikuiseksi -pitkitt\u00e4istutkimukseen. Kansainv\u00e4lisestikin ainutlaatuinen tutkimus on seurannut samojen, alun perin keskisuomalaisten, ihmisten kehityst\u00e4 jo vuodesta 1968. Professori Lea Pulkkisen k\u00e4ynnist\u00e4m\u00e4ss\u00e4 ja pitk\u00e4\u00e4n johtamassa tutkimuksessa on alkamassa uusi aineistonkeruuvaihe.&hellip;","protected":false,"raw":""},"author":3,"featured_media":0,"comment_status":"closed","ping_status":"closed","sticky":false,"template":"","format":"standard","meta":{"_mi_skip_tracking":false,"_fi_post_content":"<header>\r\n<div class=\"documentDescription\"><strong>Kahdeksanvuotiaana ensimm\u00e4isen kerran mukana olleita tutkittavia kaivataan j\u00e4lleen mukaan Jyv\u00e4skyl\u00e4n yliopiston Lapsesta aikuiseksi -pitkitt\u00e4istutkimukseen. Kansainv\u00e4lisestikin ainutlaatuinen tutkimus on seurannut samojen, alun perin keskisuomalaisten, ihmisten kehityst\u00e4 jo vuodesta 1968.<\/strong><\/div>\r\n<\/header>\r\n<div class=\"leadImage\">\r\n<figure class=\"newsImageContainer\"><\/figure>\r\n<\/div>\r\n<div id=\"content-core\">\r\n<div class=\"newsitem clearfix\">\r\n<div id=\"parent-fieldname-text\">\r\n\r\nProfessori Lea Pulkkisen k\u00e4ynnist\u00e4m\u00e4ss\u00e4 ja pitk\u00e4\u00e4n johtamassa tutkimuksessa on alkamassa uusi aineistonkeruuvaihe. Tutkittavat ovat t\u00e4ll\u00e4 hetkell\u00e4 i\u00e4lt\u00e4\u00e4n noin 60-vuotiaita. T\u00e4ss\u00e4 52 vuotta jatkuneessa seuruututkimuksessa samoja ihmisi\u00e4 on t\u00e4h\u00e4n menness\u00e4 tutkittu 8, 14, 20, 33, 36, 42 ja 50 vuoden i\u00e4ss\u00e4.\r\n\r\nNyt alkavassa 60-vuotiaiden aineistonkeruussa tarkastellaan mielen hyvinvointia ennakoivia tekij\u00f6it\u00e4. Tarkastelun kohteena ovat sek\u00e4 ik\u00e4vaiheeseen liittyvien siirtymien, kuten el\u00e4k\u00f6itymisen tai sen ennakoinnin, isovanhemmuuden, terveyshuolien ja vapaa-ajan aktiviteettien yhteydet hyvinvointiin sek\u00e4 persoonallisuuden, varhaisemman kehityksen ja yhteiskunnallisten vaatimusten rooli n\u00e4iss\u00e4 yhteyksiss\u00e4.\r\n\r\n- N\u00e4in pitk\u00e4\u00e4n jatkuneesta tutkimuksesta on kiitt\u00e4minen tutkittavien sitoutumista. Toivomme, ett\u00e4 mahdollisimman moni tutkittava osallistuisi my\u00f6s uuteen aineistonkeruuvaiheeseen, jonka toivomme tuottavan uutta tietoa lapsuudesta my\u00f6h\u00e4isen aikuisi\u00e4n kynnykselle ulottuvista kehityspoluista, kertoo tutkimuksen nykyinen johtaja Katja Kokko, joka on ty\u00f6skennellyt tutkimuksen parissa vuodesta 1995 l\u00e4htien.\r\n\r\nTutkimus toteutetaan monitieteisess\u00e4 Gerontologian tutkimuskeskuksessa, joka sijaitsee Jyv\u00e4skyl\u00e4n yliopiston liikuntatieteellisess\u00e4 tiedekunnassa. Tutkimusta rahoittaa Suomen Akatemia\r\n\r\n<strong>Lis\u00e4tietoja:\u00a0<\/strong>\r\n<ul>\r\n \t<li>tutkimuksen johtaja, psykologian dosentti Katja Kokko, <a href=\"mailto:katja.r.kokko@jyu.fi\">katja.r.kokko@jyu.fi<\/a>, 040 805 3500<\/li>\r\n \t<li>tutkijatohtori Milla Saajanaho, <a href=\"mailto:milla.saajanaho@jyu.fi\">milla.saajanaho@jyu.fi<\/a>, 040 8054536<\/li>\r\n \t<li><a href=\"https:\/\/www.jyu.fi\/sport\/fi\/tutkimus\/hankkeet\/laku\" target=\"_blank\" rel=\"noopener noreferrer\">www.jyu.fi\/sport\/fi\/tutkimus\/hankkeet\/laku<\/a><\/li>\r\n<\/ul>\r\n<\/div>\r\n<\/div>\r\n<\/div>","_fi_post_name":"mita-kuuluu-60-vuotiaille-kahdeksanvuotiaana-ensimmaisen-kerran-tutkittuja-kartoitetaan-taas","_fi_post_excerpt":"","_fi_post_title":"Mit\u00e4 kuuluu 60-vuotiaille? Kahdeksanvuotiaana ensimm\u00e4isen kerran tutkittuja kartoitetaan taas","_en_post_content":"","_en_post_name":"","_en_post_excerpt":"","_en_post_title":"","edit_language":"en","footnotes":""},"categories":[130],"tags":[],"class_list":["post-7294","post","type-post","status-publish","format-standard","hentry","category-tiedeuutiset","entry","no-media"],"_links":{"self":[{"href":"https:\/\/www.gerec.fi\/en\/wp-json\/wp\/v2\/posts\/7294","targetHints":{"allow":["GET"]}}],"collection":[{"href":"https:\/\/www.gerec.fi\/en\/wp-json\/wp\/v2\/posts"}],"about":[{"href":"https:\/\/www.gerec.fi\/en\/wp-json\/wp\/v2\/types\/post"}],"author":[{"embeddable":true,"href":"https:\/\/www.gerec.fi\/en\/wp-json\/wp\/v2\/users\/3"}],"replies":[{"embeddable":true,"href":"https:\/\/www.gerec.fi\/en\/wp-json\/wp\/v2\/comments?post=7294"}],"version-history":[{"count":3,"href":"https:\/\/www.gerec.fi\/en\/wp-json\/wp\/v2\/posts\/7294\/revisions"}],"predecessor-version":[{"id":7297,"href":"https:\/\/www.gerec.fi\/en\/wp-json\/wp\/v2\/posts\/7294\/revisions\/7297"}],"wp:attachment":[{"href":"https:\/\/www.gerec.fi\/en\/wp-json\/wp\/v2\/media?parent=7294"}],"wp:term":[{"taxonomy":"category","embeddable":true,"href":"https:\/\/www.gerec.fi\/en\/wp-json\/wp\/v2\/categories?post=7294"},{"taxonomy":"post_tag","embeddable":true,"href":"https:\/\/www.gerec.fi\/en\/wp-json\/wp\/v2\/tags?post=7294"}],"curies":[{"name":"wp","href":"https:\/\/api.w.org\/{rel}","templated":true}]}}