{"id":7245,"date":"2020-09-11T10:40:00","date_gmt":"2020-09-11T07:40:00","guid":{"rendered":"https:\/\/www.gerec.fi\/?p=7245"},"modified":"2020-09-11T11:10:49","modified_gmt":"2020-09-11T08:10:49","slug":"","status":"publish","type":"post","link":"https:\/\/www.gerec.fi\/en\/gerontologia-2020-kongressi-jyvaskylassa-25-27-3\/","title":{"rendered":"","raw":""},"content":{"rendered":"","protected":false,"raw":""},"excerpt":{"rendered":"Gerontologia 2020 -kongressi on p\u00e4\u00e4tetty peruuttaa vaikeasti ennakoitavan koronavirustilanteen vuoksi.\u00a0 Kongressi oli tarkoitus j\u00e4rjest\u00e4\u00e4 30.11.-2.12.2020 Jyv\u00e4skyl\u00e4ss\u00e4 Paviljongissa, mihin ajankohtaan se oli siirretty maaliskuusta 2020.\u00a0\u00a0\u00a0\u00a0 \u00a0\u00a0 Kongressia olivat j\u00e4rjest\u00e4m\u00e4ss\u00e4 yhteisty\u00f6ss\u00e4 Jyv\u00e4skyl\u00e4n yliopiston Gerontologian tutkimuskeskus, Ik\u00e4\u00e4ntymisen ja hoivan tutkimuksen huippuyksikk\u00f6\u00a0(CoE AgeCare) sek\u00e4&hellip;","protected":false,"raw":""},"author":3,"featured_media":7337,"comment_status":"closed","ping_status":"closed","sticky":false,"template":"","format":"standard","meta":{"_mi_skip_tracking":false,"_fi_post_content":"<strong>Gerontologia 2020 -kongressi on p\u00e4\u00e4tetty peruuttaa vaikeasti ennakoitavan koronavirustilanteen vuoksi.\u00a0 Kongressi oli tarkoitus j\u00e4rjest\u00e4\u00e4 30.11.-2.12.2020 Jyv\u00e4skyl\u00e4ss\u00e4 Paviljongissa, mihin ajankohtaan se oli siirretty maaliskuusta 2020.\u00a0\u00a0\u00a0\u00a0 \u00a0\u00a0<\/strong>\r\n\r\nKongressia olivat j\u00e4rjest\u00e4m\u00e4ss\u00e4 yhteisty\u00f6ss\u00e4 Jyv\u00e4skyl\u00e4n yliopiston Gerontologian tutkimuskeskus, Ik\u00e4\u00e4ntymisen ja hoivan tutkimuksen huippuyksikk\u00f6<em>\u00a0(CoE AgeCare)<\/em> sek\u00e4 nelj\u00e4 vanhenemistutkimusj\u00e4rjest\u00f6\u00e4: Kasvun ja vanhenemisen tutkijat ry, Suomen Geriatrit ry, Societas Gerontologica Fennica ry ja Suomen Psykogeriatrinen yhdistys.\r\n\r\nPahoittelemme tilannetta. Haluamme kuitenkin asettaa osallistujien ja heid\u00e4n l\u00e4heistens\u00e4 terveyden etusijalle. Kiit\u00e4mme kongressille osoittamastanne tuesta. Osallistumismaksujen palautuksesta on l\u00e4hetetty kaikille jo rekister\u00f6ityneille s\u00e4hk\u00f6postiviesti 11.9.2020. Kongressitoimikunta haluaa esitt\u00e4\u00e4 l\u00e4mpim\u00e4t kiitoksensa seuraaville sponsoreille ja n\u00e4ytteilleasettajille, jotka ovat p\u00e4\u00e4tt\u00e4neet osoittaa maksamansa esittelytilan vuokran er\u00e4\u00e4ntyvien kongressikulujen kattamiseen:\r\n\r\n<strong>1. Ik\u00e4instituutti<\/strong>\r\n\r\n<em>Ik\u00e4instituutti\u00a0innostaa ja rakentaa ratkaisuja hyv\u00e4\u00e4n vanhuuteen tutkimuksen, kehitt\u00e4misen ja koulutuksen keinoin.\u00a0Ik\u00e4instituutti\u00a0on vahva osaaja osallisuuden, mielen hyvinvoinnin, liikunnan, ulkoilun ja ik\u00e4yst\u00e4v\u00e4llisen asuinymp\u00e4rist\u00f6n edist\u00e4misess\u00e4.\u00a0Ik\u00e4instituutti\u00a0tekee tiivist\u00e4 yhteisty\u00f6t\u00e4 kuntien ja muiden j\u00e4rjest\u00f6jen kanssa.<\/em>\r\n\r\n<strong>2. Vanhusty\u00f6n Keskusliitto<\/strong>\r\n\r\n<strong>3. Akavan sairaanhoitajat ja Taja ry<\/strong>\r\n\r\n<em>Koronavirusepidemia on osoittanut, ett\u00e4 ik\u00e4\u00e4ntyneiden ihmisten palveluissa, hoidossa ja yhteiskunnallisessa asemassa on viel\u00e4 parannettavaa. Ik\u00e4\u00e4ntyneiden parissa ty\u00f6skentelev\u00e4t hoitoalan ammattilaiset ja esimiehet ovat olleet kovan paikan edess\u00e4, mutta selviytyneet hankalasta tilanteesta. Kaikki ongelmat eiv\u00e4t ole kuitenkaan viel\u00e4 ratkenneet. On siis selv\u00e4\u00e4, ett\u00e4 gerontologiselle tutkimukselle ja asiantuntijoille on tarvetta my\u00f6s tulevaisuudessa. Akavan sairaanhoitajat ja Taja toivoo kaikille kongressiin ilmoittautuneille hyv\u00e4\u00e4 syksy\u00e4, toivottavasti tavataan pian uudelleen - virtuaalisesti tai fyysisesti!\u00a0<\/em>\r\n\r\nToivottavasti voimme viel\u00e4 joskus \u2013 l\u00e4hiaikoina - tavata vanhuuden tutkimuksen merkeiss\u00e4.\r\n\r\nYst\u00e4v\u00e4llisesti,\r\n\r\nGerontologia 2020 -kongressin j\u00e4rjestelytoimikunta\r\n\r\n<a href=\"http:\/\/www.jyu.fi\/gerontologia2020\" target=\"_blank\" rel=\"noopener noreferrer\">www.jyu.fi\/gerontologia2020<\/a>\r\n\r\n<strong>Lis\u00e4tietoja<\/strong>\r\nMaria H\u00e4m\u00e4l\u00e4inen\r\nJyv\u00e4skyl\u00e4n yliopisto, Gerontologian tutkimuskeskus\r\nmaria.e.hamalainen@jyu.fi\r\n040-805 3209","_fi_post_name":"gerontologia-2020-kongressi-jyvaskylassa-25-27-3","_fi_post_excerpt":"","_fi_post_title":"Gerontologia 2020 -kongressi peruuntuu","_en_post_content":"","_en_post_name":"","_en_post_excerpt":"","_en_post_title":"","edit_language":"en","footnotes":""},"categories":[131],"tags":[261],"class_list":["post-7245","post","type-post","status-publish","format-standard","has-post-thumbnail","hentry","category-tapahtumat","tag-kongressi","entry","has-media"],"_links":{"self":[{"href":"https:\/\/www.gerec.fi\/en\/wp-json\/wp\/v2\/posts\/7245","targetHints":{"allow":["GET"]}}],"collection":[{"href":"https:\/\/www.gerec.fi\/en\/wp-json\/wp\/v2\/posts"}],"about":[{"href":"https:\/\/www.gerec.fi\/en\/wp-json\/wp\/v2\/types\/post"}],"author":[{"embeddable":true,"href":"https:\/\/www.gerec.fi\/en\/wp-json\/wp\/v2\/users\/3"}],"replies":[{"embeddable":true,"href":"https:\/\/www.gerec.fi\/en\/wp-json\/wp\/v2\/comments?post=7245"}],"version-history":[{"count":11,"href":"https:\/\/www.gerec.fi\/en\/wp-json\/wp\/v2\/posts\/7245\/revisions"}],"predecessor-version":[{"id":7691,"href":"https:\/\/www.gerec.fi\/en\/wp-json\/wp\/v2\/posts\/7245\/revisions\/7691"}],"wp:featuredmedia":[{"embeddable":true,"href":"https:\/\/www.gerec.fi\/en\/wp-json\/wp\/v2\/media\/7337"}],"wp:attachment":[{"href":"https:\/\/www.gerec.fi\/en\/wp-json\/wp\/v2\/media?parent=7245"}],"wp:term":[{"taxonomy":"category","embeddable":true,"href":"https:\/\/www.gerec.fi\/en\/wp-json\/wp\/v2\/categories?post=7245"},{"taxonomy":"post_tag","embeddable":true,"href":"https:\/\/www.gerec.fi\/en\/wp-json\/wp\/v2\/tags?post=7245"}],"curies":[{"name":"wp","href":"https:\/\/api.w.org\/{rel}","templated":true}]}}