{"id":7237,"date":"2020-01-27T08:20:50","date_gmt":"2020-01-27T06:20:50","guid":{"rendered":"https:\/\/www.gerec.fi\/?p=7237"},"modified":"2020-01-27T08:24:28","modified_gmt":"2020-01-27T06:24:28","slug":"","status":"publish","type":"post","link":"https:\/\/www.gerec.fi\/en\/aktiivisena-vanheneminen-ja-hoiva-2040-profilointialueen-seminaari-30-1-2020\/","title":{"rendered":"","raw":""},"content":{"rendered":"","protected":false,"raw":""},"excerpt":{"rendered":"Jyv\u00e4skyl\u00e4n yliopiston Aktiivisena vanheneminen ja hoiva 2040 -profilointialueen seminaari j\u00e4rjestet\u00e4\u00e4n 30.1.2020 klo 12-16. Aika: 30.1.2020 12:00 \u2014 16:00 Paikka: Jyv\u00e4skyl\u00e4n yliopisto, Ruusupuisto, Helena (RUU D104) Vanhenemistutkimuksen suunnat \u2013 aktiivisesta el\u00e4m\u00e4st\u00e4 hoivakriisiin Ohjelma: 12.15-13.45 (avoin kaikille) Vararehtori Henrik Kunttu: Profilointi tutkimusedellytysten&hellip;","protected":false,"raw":""},"author":3,"featured_media":0,"comment_status":"closed","ping_status":"closed","sticky":false,"template":"","format":"standard","meta":{"_mi_skip_tracking":false,"_fi_post_content":"<strong>Jyv\u00e4skyl\u00e4n yliopiston Aktiivisena vanheneminen ja hoiva 2040 -profilointialueen seminaari j\u00e4rjestet\u00e4\u00e4n 30.1.2020 klo 12-16.<\/strong>\r\n\r\n<strong>Aika<\/strong>: 30.1.2020 12:00 \u2014 16:00\r\n<strong>Paikka<\/strong>: Jyv\u00e4skyl\u00e4n yliopisto, Ruusupuisto, Helena (RUU D104)\r\n<h3>Vanhenemistutkimuksen suunnat \u2013 aktiivisesta el\u00e4m\u00e4st\u00e4 hoivakriisiin<\/h3>\r\n<strong>Ohjelma:<\/strong>\r\n\r\n12.15-13.45 (avoin kaikille)\r\n<ul>\r\n \t<li>Vararehtori <strong>Henrik Kunttu<\/strong>: Profilointi tutkimusedellytysten parantajana Jyv\u00e4skyl\u00e4n yliopistossa nyt ja tulevaisuudessa<\/li>\r\n \t<li>Professori <strong>Taina Rantanen<\/strong> ja professori <strong>Teppo Kr\u00f6ger<\/strong>: Aktiivisena vanheneminen ja hoiva 2040 -profilointialue<\/li>\r\n<\/ul>\r\nKeskustelu\r\n<ul>\r\n \t<li>Dekaani <strong>Minna-Riita Luukka<\/strong>: Aktiivisena vanheneminen ja hoiva -profilointialue humanistis-yhteiskuntatieteellisen tiedekunnan tutkimuksen visiossa<\/li>\r\n \t<li>Dekaani <strong>Ari Heinonen<\/strong>: Aktiivisena vanheneminen ja hoiva -profilointialue liikuntatieteellisen tiedekunnan tutkimuksen visiossa<\/li>\r\n<\/ul>\r\nKeskustelu\r\n\r\n<em>13.45-14.15\u00a0Tauko<\/em>\r\n\r\n14.15-16.00\r\n\r\nJatkokoulutusseminaari (tilaisuus englanniksi)","_fi_post_name":"aktiivisena-vanheneminen-ja-hoiva-2040-profilointialueen-seminaari-30-1-2020","_fi_post_excerpt":"","_fi_post_title":"Aktiivisena vanheneminen ja hoiva 2040 -profilointialueen seminaari 30.1.2020","_en_post_content":"","_en_post_name":"","_en_post_excerpt":"","_en_post_title":"","edit_language":"en","footnotes":""},"categories":[131],"tags":[],"class_list":["post-7237","post","type-post","status-publish","format-standard","hentry","category-tapahtumat","entry","no-media"],"_links":{"self":[{"href":"https:\/\/www.gerec.fi\/en\/wp-json\/wp\/v2\/posts\/7237","targetHints":{"allow":["GET"]}}],"collection":[{"href":"https:\/\/www.gerec.fi\/en\/wp-json\/wp\/v2\/posts"}],"about":[{"href":"https:\/\/www.gerec.fi\/en\/wp-json\/wp\/v2\/types\/post"}],"author":[{"embeddable":true,"href":"https:\/\/www.gerec.fi\/en\/wp-json\/wp\/v2\/users\/3"}],"replies":[{"embeddable":true,"href":"https:\/\/www.gerec.fi\/en\/wp-json\/wp\/v2\/comments?post=7237"}],"version-history":[{"count":4,"href":"https:\/\/www.gerec.fi\/en\/wp-json\/wp\/v2\/posts\/7237\/revisions"}],"predecessor-version":[{"id":7241,"href":"https:\/\/www.gerec.fi\/en\/wp-json\/wp\/v2\/posts\/7237\/revisions\/7241"}],"wp:attachment":[{"href":"https:\/\/www.gerec.fi\/en\/wp-json\/wp\/v2\/media?parent=7237"}],"wp:term":[{"taxonomy":"category","embeddable":true,"href":"https:\/\/www.gerec.fi\/en\/wp-json\/wp\/v2\/categories?post=7237"},{"taxonomy":"post_tag","embeddable":true,"href":"https:\/\/www.gerec.fi\/en\/wp-json\/wp\/v2\/tags?post=7237"}],"curies":[{"name":"wp","href":"https:\/\/api.w.org\/{rel}","templated":true}]}}