{"id":7225,"date":"2020-01-22T10:45:47","date_gmt":"2020-01-22T08:45:47","guid":{"rendered":"https:\/\/www.gerec.fi\/?p=7225"},"modified":"2020-01-22T10:45:47","modified_gmt":"2020-01-22T08:45:47","slug":"","status":"publish","type":"post","link":"https:\/\/www.gerec.fi\/en\/agnes-tutkimuksen-palautetilaisuus-pe-24-1-2020-klo-10-15-11-45\/","title":{"rendered":"","raw":""},"content":{"rendered":"","protected":false,"raw":""},"excerpt":{"rendered":"AGNES-tutkimuksen (Aktiivisuuden, terveyden ja toimintakyvyn yhteys hyvinvointiin vanhuudessa) palautetilaisuus j\u00e4rjestet\u00e4\u00e4n perjantaina 24.1.2020 klo 10.15-11.45 Jyv\u00e4skyl\u00e4n yliopiston p\u00e4\u00e4rakennuksen juhlasalissa. Tilaisuuteen on kutsuttu kaikki tutkimuksen osallistujat ja se on avoin kaikille kiinnostuneille. Tilaisuudessa esitell\u00e4\u00e4n tutkimuksen t\u00e4h\u00e4nastisia tuloksia, kerrotaan niiden merkityksest\u00e4 ja odotettavissa&hellip;","protected":false,"raw":""},"author":3,"featured_media":0,"comment_status":"closed","ping_status":"closed","sticky":false,"template":"","format":"standard","meta":{"_mi_skip_tracking":false,"_fi_post_content":"AGNES-tutkimuksen (Aktiivisuuden, terveyden ja toimintakyvyn yhteys hyvinvointiin vanhuudessa) palautetilaisuus j\u00e4rjestet\u00e4\u00e4n perjantaina 24.1.2020 klo 10.15-11.45 Jyv\u00e4skyl\u00e4n yliopiston p\u00e4\u00e4rakennuksen juhlasalissa. Tilaisuuteen on kutsuttu kaikki tutkimuksen osallistujat ja se on avoin kaikille kiinnostuneille.\r\n\r\nTilaisuudessa esitell\u00e4\u00e4n tutkimuksen t\u00e4h\u00e4nastisia tuloksia, kerrotaan niiden merkityksest\u00e4 ja odotettavissa olevista tuloksista.\r\n\r\nTutkimushankkeen verkkosivut: <a href=\"http:\/\/www.gerec.fi\/agnes\">www.gerec.fi\/agnes<\/a>\r\n\r\n<strong>\r\nLis\u00e4tietoja<\/strong>:\r\nNiina Kajan\r\n040-805 3209","_fi_post_name":"agnes-tutkimuksen-palautetilaisuus-pe-24-1-2020-klo-10-15-11-45","_fi_post_excerpt":"","_fi_post_title":"AGNES-tutkimuksen palautetilaisuus pe 24.1.2020 klo 10.15-11.45","_en_post_content":"","_en_post_name":"","_en_post_excerpt":"","_en_post_title":"","edit_language":"en","footnotes":""},"categories":[131],"tags":[],"class_list":["post-7225","post","type-post","status-publish","format-standard","hentry","category-tapahtumat","entry","no-media"],"_links":{"self":[{"href":"https:\/\/www.gerec.fi\/en\/wp-json\/wp\/v2\/posts\/7225","targetHints":{"allow":["GET"]}}],"collection":[{"href":"https:\/\/www.gerec.fi\/en\/wp-json\/wp\/v2\/posts"}],"about":[{"href":"https:\/\/www.gerec.fi\/en\/wp-json\/wp\/v2\/types\/post"}],"author":[{"embeddable":true,"href":"https:\/\/www.gerec.fi\/en\/wp-json\/wp\/v2\/users\/3"}],"replies":[{"embeddable":true,"href":"https:\/\/www.gerec.fi\/en\/wp-json\/wp\/v2\/comments?post=7225"}],"version-history":[{"count":1,"href":"https:\/\/www.gerec.fi\/en\/wp-json\/wp\/v2\/posts\/7225\/revisions"}],"predecessor-version":[{"id":7226,"href":"https:\/\/www.gerec.fi\/en\/wp-json\/wp\/v2\/posts\/7225\/revisions\/7226"}],"wp:attachment":[{"href":"https:\/\/www.gerec.fi\/en\/wp-json\/wp\/v2\/media?parent=7225"}],"wp:term":[{"taxonomy":"category","embeddable":true,"href":"https:\/\/www.gerec.fi\/en\/wp-json\/wp\/v2\/categories?post=7225"},{"taxonomy":"post_tag","embeddable":true,"href":"https:\/\/www.gerec.fi\/en\/wp-json\/wp\/v2\/tags?post=7225"}],"curies":[{"name":"wp","href":"https:\/\/api.w.org\/{rel}","templated":true}]}}