{"id":7164,"date":"2019-12-05T09:23:13","date_gmt":"2019-12-05T07:23:13","guid":{"rendered":"https:\/\/www.gerec.fi\/?p=7164"},"modified":"2019-12-05T09:37:23","modified_gmt":"2019-12-05T07:37:23","slug":"","status":"publish","type":"post","link":"https:\/\/www.gerec.fi\/en\/yliopistonlehtori-anne-viljasesta-liikunnan-vuoden-opettaja-2019\/","title":{"rendered":"","raw":""},"content":{"rendered":"","protected":false,"raw":""},"excerpt":{"rendered":"Anne Viljanen Gerontologian ja kansanterveyden yliopistonlehtori Anne Viljaselle my\u00f6nnettiin Liikunnan vuoden opettaja -palkinto. Palkinnon jakoi Jyv\u00e4skyl\u00e4n yliopiston liikunta- ja terveystieteiden opiskelijoiden ainej\u00e4rjest\u00f6 Sporticus. Palkinnon my\u00f6nt\u00e4minen perustui \u00e4\u00e4nestykseen, jossa annettiin yhteens\u00e4 275 \u00e4\u00e4nt\u00e4. Anne Viljanen sai \u00e4\u00e4nist\u00e4 80 eli noin 30&hellip;","protected":false,"raw":""},"author":3,"featured_media":0,"comment_status":"closed","ping_status":"closed","sticky":false,"template":"","format":"standard","meta":{"_mi_skip_tracking":false,"_fi_post_content":"[caption id=\"attachment_7166\" align=\"alignright\" width=\"216\"]<img class=\"wp-image-7166 size-medium\" src=\"https:\/\/www.gerec.fi\/wp-content\/uploads\/2019\/12\/Viljanen-Anne_1-216x300.jpg\" alt=\"\" width=\"216\" height=\"300\" \/> Anne Viljanen[\/caption]\r\n\r\nGerontologian ja kansanterveyden yliopistonlehtori Anne Viljaselle my\u00f6nnettiin Liikunnan vuoden opettaja -palkinto. Palkinnon jakoi Jyv\u00e4skyl\u00e4n yliopiston liikunta- ja terveystieteiden opiskelijoiden ainej\u00e4rjest\u00f6 Sporticus. Palkinnon my\u00f6nt\u00e4minen perustui \u00e4\u00e4nestykseen, jossa annettiin yhteens\u00e4 275 \u00e4\u00e4nt\u00e4. Anne Viljanen sai \u00e4\u00e4nist\u00e4 80 eli noin 30 prosenttia.\r\n\r\nOpiskelijoiden antamissa perusteluissa Viljasta kuvailtiin Muumimammaksi, joka saa opiskelustressin h\u00e4lvenem\u00e4\u00e4n jo pelk\u00e4ll\u00e4 olemuksellaan. Opiskelijat kokevat, ett\u00e4 l\u00e4mminhenkist\u00e4 Annea on helppo l\u00e4hesty\u00e4, ja he arvostavat h\u00e4nen opiskelijal\u00e4ht\u00f6ist\u00e4 toimintaansa ja kattavaa palautettaan mm. kurssit\u00f6ist\u00e4. Lis\u00e4ksi Viljanen on sopivan asiallinen opetukseen, kuitenkaan huumorin pilkahduksia unohtamatta.\r\n\r\nLiikunnan vuoden opettaja valitaan vuosittain ja palkinto jaetaan Liikunnan tanssiaisissa.","_fi_post_name":"yliopistonlehtori-anne-viljasesta-liikunnan-vuoden-opettaja-2019","_fi_post_excerpt":"","_fi_post_title":"Yliopistonlehtori Anne Viljasesta Liikunnan vuoden opettaja 2019","_en_post_content":"","_en_post_name":"","_en_post_excerpt":"","_en_post_title":"","edit_language":"en","footnotes":""},"categories":[130],"tags":[],"class_list":["post-7164","post","type-post","status-publish","format-standard","hentry","category-tiedeuutiset","entry","no-media"],"_links":{"self":[{"href":"https:\/\/www.gerec.fi\/en\/wp-json\/wp\/v2\/posts\/7164","targetHints":{"allow":["GET"]}}],"collection":[{"href":"https:\/\/www.gerec.fi\/en\/wp-json\/wp\/v2\/posts"}],"about":[{"href":"https:\/\/www.gerec.fi\/en\/wp-json\/wp\/v2\/types\/post"}],"author":[{"embeddable":true,"href":"https:\/\/www.gerec.fi\/en\/wp-json\/wp\/v2\/users\/3"}],"replies":[{"embeddable":true,"href":"https:\/\/www.gerec.fi\/en\/wp-json\/wp\/v2\/comments?post=7164"}],"version-history":[{"count":3,"href":"https:\/\/www.gerec.fi\/en\/wp-json\/wp\/v2\/posts\/7164\/revisions"}],"predecessor-version":[{"id":7168,"href":"https:\/\/www.gerec.fi\/en\/wp-json\/wp\/v2\/posts\/7164\/revisions\/7168"}],"wp:attachment":[{"href":"https:\/\/www.gerec.fi\/en\/wp-json\/wp\/v2\/media?parent=7164"}],"wp:term":[{"taxonomy":"category","embeddable":true,"href":"https:\/\/www.gerec.fi\/en\/wp-json\/wp\/v2\/categories?post=7164"},{"taxonomy":"post_tag","embeddable":true,"href":"https:\/\/www.gerec.fi\/en\/wp-json\/wp\/v2\/tags?post=7164"}],"curies":[{"name":"wp","href":"https:\/\/api.w.org\/{rel}","templated":true}]}}