{"id":7153,"date":"2019-12-04T09:20:05","date_gmt":"2019-12-04T07:20:05","guid":{"rendered":"https:\/\/www.gerec.fi\/?p=7153"},"modified":"2019-12-04T09:36:10","modified_gmt":"2019-12-04T07:36:10","slug":"","status":"publish","type":"post","link":"https:\/\/www.gerec.fi\/en\/sarianna-sipilalle-myonnettiin-suomen-valkoisen-ruusun-i-luokan-ritarimerkki\/","title":{"rendered":"","raw":""},"content":{"rendered":"","protected":false,"raw":""},"excerpt":{"rendered":"Liikuntagerontologian professori, varadekaani Sarianna Sipil\u00e4lle on my\u00f6nnetty Suomen Valkoisen Ruusun I luokan ritarimerkki. Kunniamerkkien saajat julkaistiin tiistaiaamuna. Kunniamerkit ovat tasavallan presidentti, Suomen Valkoisen Ruusun ja Suomen Leijonan ritarikuntien suurmestari Sauli Niinist\u00f6n my\u00f6nt\u00e4mi\u00e4. Kunniamerkkej\u00e4 my\u00f6nnet\u00e4\u00e4n is\u00e4nmaan palveluksessa ansioituneille kansalaisille tunnustukseksi huomattavista&hellip;","protected":false,"raw":""},"author":3,"featured_media":0,"comment_status":"closed","ping_status":"closed","sticky":false,"template":"","format":"standard","meta":{"_mi_skip_tracking":false,"_fi_post_content":"Liikuntagerontologian professori, varadekaani Sarianna Sipil\u00e4lle on my\u00f6nnetty Suomen Valkoisen Ruusun I luokan ritarimerkki. Kunniamerkkien saajat julkaistiin tiistaiaamuna.\r\n\r\nKunniamerkit ovat tasavallan presidentti, Suomen Valkoisen Ruusun ja Suomen Leijonan ritarikuntien suurmestari Sauli Niinist\u00f6n my\u00f6nt\u00e4mi\u00e4. Kunniamerkkej\u00e4 my\u00f6nnet\u00e4\u00e4n is\u00e4nmaan palveluksessa ansioituneille kansalaisille tunnustukseksi huomattavista siviili- ja sotilasansioista. Kunniamerkit luovutetaan palkituille itsen\u00e4isyysp\u00e4iv\u00e4n\u00e4.\r\n\r\n<a href=\"http:\/\/ritarikunnat.fi\/index.php\/fi\/ritarikunnat\/annetut-kunniamerkit\/50-annetut-kunniamerkit\/452-6-12-2019-annetut-kunniamerkit\" target=\"_blank\" rel=\"noopener noreferrer\">Kaikki kunniamerkkien saajat<\/a>\r\n\r\nKuva: Ritarikuntien kanslia\r\n\r\n[caption id=\"attachment_7154\" align=\"alignnone\" width=\"143\"]<img class=\"wp-image-7154 \" src=\"https:\/\/www.gerec.fi\/wp-content\/uploads\/2019\/12\/SVR-R-I-134x300.jpg\" alt=\"\" width=\"143\" height=\"320\" \/> Suomen Valkoisen Ruusun I luokan ritarimerkki - SVR R I[\/caption]","_fi_post_name":"sarianna-sipilalle-myonnettiin-suomen-valkoisen-ruusun-i-luokan-ritarimerkki","_fi_post_excerpt":"","_fi_post_title":"Sarianna Sipil\u00e4lle my\u00f6nnettiin Suomen Valkoisen Ruusun I luokan ritarimerkki","_en_post_content":"","_en_post_name":"","_en_post_excerpt":"","_en_post_title":"","edit_language":"en","footnotes":""},"categories":[130],"tags":[],"class_list":["post-7153","post","type-post","status-publish","format-standard","hentry","category-tiedeuutiset","entry","no-media"],"_links":{"self":[{"href":"https:\/\/www.gerec.fi\/en\/wp-json\/wp\/v2\/posts\/7153","targetHints":{"allow":["GET"]}}],"collection":[{"href":"https:\/\/www.gerec.fi\/en\/wp-json\/wp\/v2\/posts"}],"about":[{"href":"https:\/\/www.gerec.fi\/en\/wp-json\/wp\/v2\/types\/post"}],"author":[{"embeddable":true,"href":"https:\/\/www.gerec.fi\/en\/wp-json\/wp\/v2\/users\/3"}],"replies":[{"embeddable":true,"href":"https:\/\/www.gerec.fi\/en\/wp-json\/wp\/v2\/comments?post=7153"}],"version-history":[{"count":5,"href":"https:\/\/www.gerec.fi\/en\/wp-json\/wp\/v2\/posts\/7153\/revisions"}],"predecessor-version":[{"id":7160,"href":"https:\/\/www.gerec.fi\/en\/wp-json\/wp\/v2\/posts\/7153\/revisions\/7160"}],"wp:attachment":[{"href":"https:\/\/www.gerec.fi\/en\/wp-json\/wp\/v2\/media?parent=7153"}],"wp:term":[{"taxonomy":"category","embeddable":true,"href":"https:\/\/www.gerec.fi\/en\/wp-json\/wp\/v2\/categories?post=7153"},{"taxonomy":"post_tag","embeddable":true,"href":"https:\/\/www.gerec.fi\/en\/wp-json\/wp\/v2\/tags?post=7153"}],"curies":[{"name":"wp","href":"https:\/\/api.w.org\/{rel}","templated":true}]}}