{"id":7148,"date":"2019-12-03T10:13:49","date_gmt":"2019-12-03T08:13:49","guid":{"rendered":"https:\/\/www.gerec.fi\/?p=7148"},"modified":"2019-12-03T10:13:49","modified_gmt":"2019-12-03T08:13:49","slug":"","status":"publish","type":"post","link":"https:\/\/www.gerec.fi\/en\/marja-jylhan-tutkimusryhma-sai-rahoitusta-vanhuusian-terveyden-toimintakyvyn-seka-palvelujen-kayton-tutkimukseen\/","title":{"rendered":"","raw":""},"content":{"rendered":"","protected":false,"raw":""},"excerpt":{"rendered":"Professori Marja Jylh\u00e4n tutkimusryhm\u00e4lle GERECiss\u00e4 ja CoE AgeCaressa on my\u00f6nnetty valtion tutkimusrahoitusta reilut 40 000 euroa. Vuodelle 2020 my\u00f6nnetty rahoitus on tarkoitettu vanhuusi\u00e4n terveyden, toimintakyvyn sek\u00e4 palvelujen k\u00e4yt\u00f6n tutkimukseen. Valtio my\u00f6nt\u00e4\u00e4 rahoitusta yliopistotasoiseen terveyden tutkimukseen kerran vuodessa. Erityisvastuualueiden tutkimustoimikunnat p\u00e4\u00e4tt\u00e4v\u00e4t&hellip;","protected":false,"raw":""},"author":1,"featured_media":0,"comment_status":"closed","ping_status":"closed","sticky":false,"template":"","format":"standard","meta":{"_mi_skip_tracking":false,"_fi_post_content":"<strong>Professori Marja Jylh\u00e4n tutkimusryhm\u00e4lle GERECiss\u00e4 ja CoE AgeCaressa on my\u00f6nnetty valtion tutkimusrahoitusta reilut 40 000 euroa. Vuodelle 2020 my\u00f6nnetty rahoitus on tarkoitettu vanhuusi\u00e4n terveyden, toimintakyvyn sek\u00e4 palvelujen k\u00e4yt\u00f6n tutkimukseen. <\/strong>\r\n\r\nValtio my\u00f6nt\u00e4\u00e4 rahoitusta yliopistotasoiseen terveyden tutkimukseen kerran vuodessa. Erityisvastuualueiden tutkimustoimikunnat p\u00e4\u00e4tt\u00e4v\u00e4t tutkimusrahoituksen osoittamisesta alueensa terveydenhuollon organisaatioille. Tampereen yliopistollisen sairaalan erityisvastuualueen tutkimustoimikunta teki p\u00e4\u00e4t\u00f6kset tutkimusrahoituksista 27.11.2019.\r\n\r\nLis\u00e4tietoja: https:\/\/www.tays.fi\/fi-FI\/Tutkimus_ja_kehittaminen\/Tutkimus\/Tutkimusrahoitus\/Valtion_tutkimusrahoitus\/Valtion_tutkimusrahoitus(50803)\r\n\r\n&nbsp;","_fi_post_name":"marja-jylhan-tutkimusryhma-sai-rahoitusta-vanhuusian-terveyden-toimintakyvyn-seka-palvelujen-kayton-tutkimukseen","_fi_post_excerpt":"","_fi_post_title":"Marja Jylh\u00e4n tutkimusryhm\u00e4 sai rahoitusta vanhuusi\u00e4n terveyden, toimintakyvyn sek\u00e4 palvelujen k\u00e4yt\u00f6n tutkimukseen","_en_post_content":"","_en_post_name":"","_en_post_excerpt":"","_en_post_title":"","edit_language":"en","footnotes":""},"categories":[130],"tags":[186],"class_list":["post-7148","post","type-post","status-publish","format-standard","hentry","category-tiedeuutiset","tag-tutkimusrahoitus","entry","no-media"],"_links":{"self":[{"href":"https:\/\/www.gerec.fi\/en\/wp-json\/wp\/v2\/posts\/7148","targetHints":{"allow":["GET"]}}],"collection":[{"href":"https:\/\/www.gerec.fi\/en\/wp-json\/wp\/v2\/posts"}],"about":[{"href":"https:\/\/www.gerec.fi\/en\/wp-json\/wp\/v2\/types\/post"}],"author":[{"embeddable":true,"href":"https:\/\/www.gerec.fi\/en\/wp-json\/wp\/v2\/users\/1"}],"replies":[{"embeddable":true,"href":"https:\/\/www.gerec.fi\/en\/wp-json\/wp\/v2\/comments?post=7148"}],"version-history":[{"count":4,"href":"https:\/\/www.gerec.fi\/en\/wp-json\/wp\/v2\/posts\/7148\/revisions"}],"predecessor-version":[{"id":7152,"href":"https:\/\/www.gerec.fi\/en\/wp-json\/wp\/v2\/posts\/7148\/revisions\/7152"}],"wp:attachment":[{"href":"https:\/\/www.gerec.fi\/en\/wp-json\/wp\/v2\/media?parent=7148"}],"wp:term":[{"taxonomy":"category","embeddable":true,"href":"https:\/\/www.gerec.fi\/en\/wp-json\/wp\/v2\/categories?post=7148"},{"taxonomy":"post_tag","embeddable":true,"href":"https:\/\/www.gerec.fi\/en\/wp-json\/wp\/v2\/tags?post=7148"}],"curies":[{"name":"wp","href":"https:\/\/api.w.org\/{rel}","templated":true}]}}