{"id":7142,"date":"2019-11-29T14:46:58","date_gmt":"2019-11-29T12:46:58","guid":{"rendered":"https:\/\/www.gerec.fi\/?p=7142"},"modified":"2019-11-29T14:46:58","modified_gmt":"2019-11-29T12:46:58","slug":"","status":"publish","type":"post","link":"https:\/\/www.gerec.fi\/en\/gerec-tutkijoille-apurahoja-juho-vainion-ja-paulon-saatioilta\/","title":{"rendered":"","raw":""},"content":{"rendered":"","protected":false,"raw":""},"excerpt":{"rendered":"Juho Vainion ja Paulon S\u00e4\u00e4ti\u00f6t ovat my\u00f6nt\u00e4neet GEREC-tutkijoille viisi apurahaa vuodelle 2020. Apurahan saavat Marko Korhonen, Inna Lisko, Saara Marttila ja Elina Sillanp\u00e4\u00e4. S\u00e4\u00e4ti\u00f6iden my\u00f6nt\u00e4m\u00e4t apurahat ovat henkil\u00f6kohtaisia apurahoja ja hankeapurahoja. Juho Vainion S\u00e4\u00e4ti\u00f6 my\u00f6nt\u00e4\u00e4 apurahoja Suomen kansanterveytt\u00e4 ja terveit\u00e4&hellip;","protected":false,"raw":""},"author":3,"featured_media":0,"comment_status":"closed","ping_status":"closed","sticky":false,"template":"","format":"standard","meta":{"_mi_skip_tracking":false,"_fi_post_content":"<strong>Juho Vainion ja Paulon S\u00e4\u00e4ti\u00f6t ovat my\u00f6nt\u00e4neet GEREC-tutkijoille viisi apurahaa vuodelle 2020. Apurahan saavat Marko Korhonen, Inna Lisko, Saara Marttila ja Elina Sillanp\u00e4\u00e4. S\u00e4\u00e4ti\u00f6iden my\u00f6nt\u00e4m\u00e4t apurahat ovat henkil\u00f6kohtaisia apurahoja ja hankeapurahoja.<\/strong>\r\n\r\nJuho Vainion S\u00e4\u00e4ti\u00f6 my\u00f6nt\u00e4\u00e4 apurahoja Suomen kansanterveytt\u00e4 ja terveit\u00e4 el\u00e4m\u00e4ntapoja edist\u00e4viin tutkimuksiin ja terveytt\u00e4 edist\u00e4v\u00e4\u00e4n toimintaan. Tuen kohteita ovat erityisesti terveysliikunta, terveellinen ravitsemus, tupakoinnista ja alkoholin k\u00e4yt\u00f6st\u00e4 johtuvien terveyshaittojen torjuminen sek\u00e4 mielenterveyden ja ymp\u00e4rist\u00f6terveyden edist\u00e4minen. Vuodelle 2020 my\u00f6nnettiin 74 apurahaa ja yhteens\u00e4 yli 1,5 miljoonaa euroa.\r\n\r\nPaulon S\u00e4\u00e4ti\u00f6 kantarahastosta my\u00f6nnet\u00e4\u00e4n apurahoja l\u00e4\u00e4ketieteellisen tutkimusty\u00f6n edist\u00e4miseen ja tukemiseen.\u00a0 L\u00e4\u00e4ketieteen apurahoja jaettiin vuodelle 2020 450\u00a0000 \u20ac.\r\n\r\nLue lis\u00e4\u00e4:\r\n<a href=\"http:\/\/juhovainionsaatio.fi\/fi\/2019\/11\/28\/juho-vainion-saation-myonnetyt-apurahat-vuodelle-2020\/\" target=\"_blank\" rel=\"noopener noreferrer\">http:\/\/juhovainionsaatio.fi\/fi\/2019\/11\/28\/juho-vainion-saation-myonnetyt-apurahat-vuodelle-2020\/<\/a>\r\n<a href=\"https:\/\/www.paulo.fi\/sites\/default\/files\/inline-files\/Apurahat%202020%20kotisivulle%20PDF.pdf\" target=\"_blank\" rel=\"noopener noreferrer\">https:\/\/www.paulo.fi\/sites\/default\/files\/inline-files\/Apurahat%202020%20kotisivulle%20PDF.pdf<\/a>\r\n<h3><strong>GEREC-tutkijoille my\u00f6nnetyt apurahat vuodelle 2020<\/strong><\/h3>\r\n<h4><strong>Juho Vainion S\u00e4\u00e4ti\u00f6<\/strong><\/h4>\r\n<strong>Korhonen Marko ja ty\u00f6ryhm\u00e4 (30\u00a0000 \u20ac)<\/strong>\r\nLiikuntatieteiden tohtori, dosentti\r\nFyysisesti aktiivisen el\u00e4m\u00e4ntavan pitk\u00e4aikaisvaikutukset terveyteen ja toimintakykyyn ik\u00e4\u00e4ntyess\u00e4 - seurantatutkimus\r\nGerontologian tutkimuskeskus, Liikuntatieteellinen tiedekunta, Jyv\u00e4skyl\u00e4n yliopisto; Helsingin yliopisto, Kansanterveystieteen osasto; UKK-instituutti.\r\n\r\n<strong>Lisko Inna (25 000 \u20ac)<\/strong>\r\nFT\r\nLife course perspective for physical and cognitive functioning: Unravelling the roles of psychosocial and biological factors\r\nGerontologian tutkimuskeskus, Liikuntatieteellinen tiedekunta, Jyv\u00e4skyl\u00e4n yliopisto\r\n\r\n<strong>Marttila Saara (25 000 \u20ac)<\/strong>\r\nFT\r\nLapsuuden ja nuoruuden elintapojen ja ymp\u00e4rist\u00f6n vaikutus biologiseen ik\u00e4\u00e4n ja sairastavuuteen keski-i\u00e4ss\u00e4\r\nGerontologian tutkimuskeskus ja Tampereen yliopisto, L\u00e4\u00e4ketieteen ja terveysteknologian tiedekunta, Kliinisen kemian osasto\r\n\r\n<strong>Sillanp\u00e4\u00e4 Elina ja ty\u00f6ryhm\u00e4 (30\u00a0000 \u20ac)<\/strong>\r\nLitT, dosentti\r\nLapsuuden ja nuoruuden elintapojen, sosioekonomisen aseman ja hyvinvoinnin merkitys biologisessa ik\u00e4\u00e4ntymisess\u00e4\r\nGerontologian tutkimuskeskus, Liikuntatieteellinen tiedekunta, Jyv\u00e4skyl\u00e4n yliopisto; Suomen molekyylil\u00e4\u00e4ketieteen instituutti\r\n<h4><strong>Paulon S\u00e4\u00e4ti\u00f6<\/strong><\/h4>\r\n<strong>Marttila Saara (30 000 \u20ac)<\/strong>\r\nFT\r\nMeasures of biological age predicting health and disease in mid-life\r\nGerontologian tutkimuskeskus ja Tampereen yliopisto, L\u00e4\u00e4ketieteen ja terveysteknologian tiedekunta, Kliinisen kemian osasto","_fi_post_name":"gerec-tutkijoille-apurahoja-juho-vainion-ja-paulon-saatioilta","_fi_post_excerpt":"","_fi_post_title":"GEREC-tutkijoille apurahoja Juho Vainion ja Paulon S\u00e4\u00e4ti\u00f6ilt\u00e4","_en_post_content":"","_en_post_name":"","_en_post_excerpt":"","_en_post_title":"","edit_language":"en","footnotes":""},"categories":[130],"tags":[235,236,237],"class_list":["post-7142","post","type-post","status-publish","format-standard","hentry","category-tiedeuutiset","tag-apuraha","tag-juho-vainion-saatio","tag-paulon-saatio","entry","no-media"],"_links":{"self":[{"href":"https:\/\/www.gerec.fi\/en\/wp-json\/wp\/v2\/posts\/7142","targetHints":{"allow":["GET"]}}],"collection":[{"href":"https:\/\/www.gerec.fi\/en\/wp-json\/wp\/v2\/posts"}],"about":[{"href":"https:\/\/www.gerec.fi\/en\/wp-json\/wp\/v2\/types\/post"}],"author":[{"embeddable":true,"href":"https:\/\/www.gerec.fi\/en\/wp-json\/wp\/v2\/users\/3"}],"replies":[{"embeddable":true,"href":"https:\/\/www.gerec.fi\/en\/wp-json\/wp\/v2\/comments?post=7142"}],"version-history":[{"count":4,"href":"https:\/\/www.gerec.fi\/en\/wp-json\/wp\/v2\/posts\/7142\/revisions"}],"predecessor-version":[{"id":7146,"href":"https:\/\/www.gerec.fi\/en\/wp-json\/wp\/v2\/posts\/7142\/revisions\/7146"}],"wp:attachment":[{"href":"https:\/\/www.gerec.fi\/en\/wp-json\/wp\/v2\/media?parent=7142"}],"wp:term":[{"taxonomy":"category","embeddable":true,"href":"https:\/\/www.gerec.fi\/en\/wp-json\/wp\/v2\/categories?post=7142"},{"taxonomy":"post_tag","embeddable":true,"href":"https:\/\/www.gerec.fi\/en\/wp-json\/wp\/v2\/tags?post=7142"}],"curies":[{"name":"wp","href":"https:\/\/api.w.org\/{rel}","templated":true}]}}