{"id":7129,"date":"2019-11-21T08:27:59","date_gmt":"2019-11-21T06:27:59","guid":{"rendered":"https:\/\/www.gerec.fi\/?p=7129"},"modified":"2019-11-21T08:28:08","modified_gmt":"2019-11-21T06:28:08","slug":"","status":"publish","type":"post","link":"https:\/\/www.gerec.fi\/en\/outi-jolanki-valittiin-euroopan-sosiologijarjeston-ikaantymistutkimuksen-verkoston-johtokuntaan\/","title":{"rendered":"","raw":""},"content":{"rendered":"","protected":false,"raw":""},"excerpt":{"rendered":"Dosentti Outi Jolanki on valittu Euroopan Sosiologij\u00e4rjest\u00f6n (ESA) Ageing in Europe tutkijaverkoston johtokuntaan elokuusta 2019 l\u00e4htien. Ageing in Europe tutkijaverkosto on perustettu vuonna 2001. Se on perustamisestaan l\u00e4htien tuonut yhteen eri alojen tutkijoita, joita yhdist\u00e4\u00e4 kiinnostus ik\u00e4\u00e4n ja i\u00e4n merkitykseen&hellip;","protected":false,"raw":""},"author":3,"featured_media":0,"comment_status":"closed","ping_status":"closed","sticky":false,"template":"","format":"standard","meta":{"_mi_skip_tracking":false,"_fi_post_content":"Dosentti Outi Jolanki on valittu Euroopan Sosiologij\u00e4rjest\u00f6n (ESA) Ageing in Europe tutkijaverkoston johtokuntaan elokuusta 2019 l\u00e4htien. Ageing in Europe tutkijaverkosto on perustettu vuonna 2001. Se on perustamisestaan l\u00e4htien tuonut yhteen eri alojen tutkijoita, joita yhdist\u00e4\u00e4 kiinnostus ik\u00e4\u00e4n ja i\u00e4n merkitykseen kansalaisten el\u00e4m\u00e4\u00e4 sek\u00e4 yhteiskuntia rakenteistavana tekij\u00e4n\u00e4, v\u00e4est\u00f6n ik\u00e4\u00e4ntymisen vaikutus eurooppalaisiin ja Euroopan ulkopuolisiin yhteiskuntiin sek\u00e4 kansalaisten el\u00e4m\u00e4\u00e4n. Ageing in Europe tutkijaverkosto on monitieteinen verkosto, joka pyrkii vahvistamaan tutkimusyhteisty\u00f6t\u00e4 niin Euroopassa kuin Euroopan ja muiden maiden tutkijoiden v\u00e4lill\u00e4. Tutkijaverkoston erityisen\u00e4 tavoitteena on lis\u00e4t\u00e4 vuorovaikutusta ja yhteisty\u00f6t\u00e4 uran alkuvaiheessa olevien ja senioritutkijoiden v\u00e4lill\u00e4. Europan Sosiologij\u00e4rjest\u00f6n konferenssien yhteydess\u00e4 tutkijaverkosto organisoi omia temaattisia ryhmi\u00e4 ja tapaamisia. Tutkijaverkosto j\u00e4rjest\u00e4\u00e4 my\u00f6s omia konferenssejaan sek\u00e4 jatko-opiskelijoiden seminaareja, julkaisee uutislehte\u00e4 ja yll\u00e4pit\u00e4\u00e4 s\u00e4hk\u00f6postilistaa j\u00e4senilleen.\r\n\r\nAgeing in Europe tutkijaverkoston j\u00e4seneksi liityt\u00e4\u00e4n rekister\u00f6itym\u00e4ll\u00e4 ESA:n ja tutkijaverkoston j\u00e4seneksi. Kongressit ja muut tapahtumat ovat avoimia my\u00f6s ei-j\u00e4senille.\r\n\r\n<strong>Verkoston nettisivu<\/strong>: <a href=\"http:\/\/www.ageing-in-europe.net\" target=\"_blank\" rel=\"noopener noreferrer\">www.ageing-in-europe.net<\/a>","_fi_post_name":"outi-jolanki-valittiin-euroopan-sosiologijarjeston-ikaantymistutkimuksen-verkoston-johtokuntaan","_fi_post_excerpt":"","_fi_post_title":"Outi Jolanki valittiin Euroopan Sosiologij\u00e4rjest\u00f6n ik\u00e4\u00e4ntymistutkimuksen verkoston johtokuntaan","_en_post_content":"","_en_post_name":"","_en_post_excerpt":"","_en_post_title":"","edit_language":"en","footnotes":""},"categories":[130],"tags":[],"class_list":["post-7129","post","type-post","status-publish","format-standard","hentry","category-tiedeuutiset","entry","no-media"],"_links":{"self":[{"href":"https:\/\/www.gerec.fi\/en\/wp-json\/wp\/v2\/posts\/7129","targetHints":{"allow":["GET"]}}],"collection":[{"href":"https:\/\/www.gerec.fi\/en\/wp-json\/wp\/v2\/posts"}],"about":[{"href":"https:\/\/www.gerec.fi\/en\/wp-json\/wp\/v2\/types\/post"}],"author":[{"embeddable":true,"href":"https:\/\/www.gerec.fi\/en\/wp-json\/wp\/v2\/users\/3"}],"replies":[{"embeddable":true,"href":"https:\/\/www.gerec.fi\/en\/wp-json\/wp\/v2\/comments?post=7129"}],"version-history":[{"count":1,"href":"https:\/\/www.gerec.fi\/en\/wp-json\/wp\/v2\/posts\/7129\/revisions"}],"predecessor-version":[{"id":7130,"href":"https:\/\/www.gerec.fi\/en\/wp-json\/wp\/v2\/posts\/7129\/revisions\/7130"}],"wp:attachment":[{"href":"https:\/\/www.gerec.fi\/en\/wp-json\/wp\/v2\/media?parent=7129"}],"wp:term":[{"taxonomy":"category","embeddable":true,"href":"https:\/\/www.gerec.fi\/en\/wp-json\/wp\/v2\/categories?post=7129"},{"taxonomy":"post_tag","embeddable":true,"href":"https:\/\/www.gerec.fi\/en\/wp-json\/wp\/v2\/tags?post=7129"}],"curies":[{"name":"wp","href":"https:\/\/api.w.org\/{rel}","templated":true}]}}