{"id":7125,"date":"2019-11-20T13:23:24","date_gmt":"2019-11-20T11:23:24","guid":{"rendered":"https:\/\/www.gerec.fi\/?p=7125"},"modified":"2019-11-20T13:24:26","modified_gmt":"2019-11-20T11:24:26","slug":"","status":"publish","type":"post","link":"https:\/\/www.gerec.fi\/en\/euroopan-sosiologijarjeston-ikaantymistutkimuksen-verkoston-konferenssi-jyvaskylassa-26-28-8-2020\/","title":{"rendered":"","raw":""},"content":{"rendered":"","protected":false,"raw":""},"excerpt":{"rendered":"Euroopan Sosiologij\u00e4rjest\u00f6n (ESA) tutkijaverkosto Ageing in Europe j\u00e4rjest\u00e4\u00e4 26-28.8.2020 konferenssin ik\u00e4\u00e4ntymisen tutkimuksesta otsikolla 'Ageing in context: Places, spaces and cultures of ageing'. Konferenssi j\u00e4rjestet\u00e4\u00e4n yhteisty\u00f6ss\u00e4 Ik\u00e4\u00e4ntymisen ja hoivan tutkimuksen huippuyksik\u00f6n (CoE AgeCare) ja Jyv\u00e4skyl\u00e4n yliopiston kanssa. Abstraktien j\u00e4tt\u00f6aika on 1.12.2019&hellip;","protected":false,"raw":""},"author":3,"featured_media":0,"comment_status":"closed","ping_status":"closed","sticky":false,"template":"","format":"standard","meta":{"_mi_skip_tracking":false,"_fi_post_content":"Euroopan Sosiologij\u00e4rjest\u00f6n (ESA) tutkijaverkosto Ageing in Europe j\u00e4rjest\u00e4\u00e4 26-28.8.2020 konferenssin ik\u00e4\u00e4ntymisen tutkimuksesta otsikolla 'Ageing in context: Places, spaces and cultures of ageing'.\r\n\r\nKonferenssi j\u00e4rjestet\u00e4\u00e4n yhteisty\u00f6ss\u00e4 Ik\u00e4\u00e4ntymisen ja hoivan tutkimuksen huippuyksik\u00f6n (CoE AgeCare) ja Jyv\u00e4skyl\u00e4n yliopiston kanssa.\r\n\r\nAbstraktien j\u00e4tt\u00f6aika on 1.12.2019 - 31.1.2020. Konferenssin yhteydess\u00e4 j\u00e4rjestet\u00e4\u00e4n my\u00f6s tohtoriopiskelijoille ja nuorille tutkijoille suunnattu kes\u00e4koulu 24.-26.8.2020, johon on erillinen haku ja josta tiedotetaan erikseen. Tapahtuma on avoin my\u00f6s ei-j\u00e4senille. Lis\u00e4tietoja puhujista, aikatauluista ja tapahtumapaikasta p\u00e4ivitet\u00e4\u00e4n joulukuun aikana tapahtuman <a href=\"https:\/\/www.jyu.fi\/en\/congress\/ageing-europe\" target=\"_blank\" rel=\"noopener noreferrer\">nettisivulle<\/a>.\r\n\r\nYhteyshenkil\u00f6: Outi Jolanki (outi.jolanki@tuni.fi, outi.jolanki@jyu.fi)","_fi_post_name":"euroopan-sosiologijarjeston-ikaantymistutkimuksen-verkoston-konferenssi-jyvaskylassa-26-28-8-2020","_fi_post_excerpt":"","_fi_post_title":"Euroopan sosiologij\u00e4rjest\u00f6n ik\u00e4\u00e4ntymistutkimuksen verkoston konferenssi Jyv\u00e4skyl\u00e4ss\u00e4 26-28.8.2020","_en_post_content":"","_en_post_name":"","_en_post_excerpt":"","_en_post_title":"","edit_language":"en","footnotes":""},"categories":[131],"tags":[],"class_list":["post-7125","post","type-post","status-publish","format-standard","hentry","category-tapahtumat","entry","no-media"],"_links":{"self":[{"href":"https:\/\/www.gerec.fi\/en\/wp-json\/wp\/v2\/posts\/7125","targetHints":{"allow":["GET"]}}],"collection":[{"href":"https:\/\/www.gerec.fi\/en\/wp-json\/wp\/v2\/posts"}],"about":[{"href":"https:\/\/www.gerec.fi\/en\/wp-json\/wp\/v2\/types\/post"}],"author":[{"embeddable":true,"href":"https:\/\/www.gerec.fi\/en\/wp-json\/wp\/v2\/users\/3"}],"replies":[{"embeddable":true,"href":"https:\/\/www.gerec.fi\/en\/wp-json\/wp\/v2\/comments?post=7125"}],"version-history":[{"count":2,"href":"https:\/\/www.gerec.fi\/en\/wp-json\/wp\/v2\/posts\/7125\/revisions"}],"predecessor-version":[{"id":7127,"href":"https:\/\/www.gerec.fi\/en\/wp-json\/wp\/v2\/posts\/7125\/revisions\/7127"}],"wp:attachment":[{"href":"https:\/\/www.gerec.fi\/en\/wp-json\/wp\/v2\/media?parent=7125"}],"wp:term":[{"taxonomy":"category","embeddable":true,"href":"https:\/\/www.gerec.fi\/en\/wp-json\/wp\/v2\/categories?post=7125"},{"taxonomy":"post_tag","embeddable":true,"href":"https:\/\/www.gerec.fi\/en\/wp-json\/wp\/v2\/tags?post=7125"}],"curies":[{"name":"wp","href":"https:\/\/api.w.org\/{rel}","templated":true}]}}