{"id":7078,"date":"2019-11-01T09:30:40","date_gmt":"2019-11-01T07:30:40","guid":{"rendered":"https:\/\/www.gerec.fi\/?p=7078"},"modified":"2019-11-01T09:31:19","modified_gmt":"2019-11-01T07:31:19","slug":"","status":"publish","type":"post","link":"https:\/\/www.gerec.fi\/en\/vanheta-on-pakko-mutta-pitaako-sita-pelata-keskustelutilaisuus-ikaantymisesta-yksilon-ja-yhteiskunnan-nakokulmasta-tampereella-11-marraskuuta\/","title":{"rendered":"","raw":""},"content":{"rendered":"","protected":false,"raw":""},"excerpt":{"rendered":"Pitk\u00e4ik\u00e4isyys on pitk\u00e4\u00e4n ollut yhteiskunnallinen tavoite ja arvostettu asia.\u00a0 Viime aikoina tavoitteesta on alettu puhua taakkana, kun vanhojen ihmisten osuus v\u00e4est\u00f6ist\u00e4 l\u00e4nsimaissa ja Suomessa on kasvanut elini\u00e4n pitenemisen vuoksi. Yli 90-vuotiaat ovat nopeimmin kasvava ik\u00e4ryhm\u00e4 Suomessa. Pitk\u00e4ik\u00e4isyyden tavoite on monella&hellip;","protected":false,"raw":""},"author":3,"featured_media":0,"comment_status":"closed","ping_status":"closed","sticky":false,"template":"","format":"standard","meta":{"_mi_skip_tracking":false,"_fi_post_content":"Pitk\u00e4ik\u00e4isyys on pitk\u00e4\u00e4n ollut yhteiskunnallinen tavoite ja arvostettu asia.\u00a0 Viime aikoina tavoitteesta on alettu puhua taakkana, kun vanhojen ihmisten osuus v\u00e4est\u00f6ist\u00e4 l\u00e4nsimaissa ja Suomessa on kasvanut elini\u00e4n pitenemisen vuoksi. Yli 90-vuotiaat ovat nopeimmin kasvava ik\u00e4ryhm\u00e4 Suomessa. Pitk\u00e4ik\u00e4isyyden tavoite on monella tapaa saavutettu, mutta mit\u00e4 seuraavaksi? Yksil\u00f6n t\u00e4ytyy kohdata ik\u00e4\u00e4ntymisens\u00e4, mutta my\u00f6s yhteiskunnan t\u00e4ytyy olla siihen valmis. Ik\u00e4\u00e4ntymiseen sopeutuva yhteiskunta ei tarkoita vain lis\u00e4\u00e4 rahaa vanhustenhoivaan, vaan muutoksia kaikkialle.\r\n\r\nIk\u00e4\u00e4ntymisen tutkijat <strong>Jari Pirhonen<\/strong>, <strong>Kirsi Lumme-Sandt<\/strong> ja <strong>Katariina Tuominen<\/strong> Gerontologian tutkimuskeskuksesta keskustelevat ik\u00e4\u00e4ntymisest\u00e4 yksil\u00f6n\u00a0 ja yhteiskunnan n\u00e4k\u00f6kulmasta 11. marraskuuta kello 18 Tampereen yliopistolla P\u00e4\u00e4talon Toivo-kahvilassa Silvia Bovenschenin kirjan <a href=\"https:\/\/netn.fi\/kirjat\/vanheneminen\" target=\"_blank\" rel=\"noopener noreferrer\">Vanheneminen<\/a> pohjalta.\r\n\r\nHaastattelijana toimii Alustan toimittaja <strong>Tiina Heikkil\u00e4<\/strong>. Keskustelun j\u00e4rjest\u00e4v\u00e4t yhteisty\u00f6ss\u00e4 Alusta ja niin &amp; n\u00e4in.\r\n\r\n&nbsp;","_fi_post_name":"vanheta-on-pakko-mutta-pitaako-sita-pelata-keskustelutilaisuus-ikaantymisesta-yksilon-ja-yhteiskunnan-nakokulmasta-tampereella-11-marraskuuta","_fi_post_excerpt":"","_fi_post_title":"Vanheta on pakko, mutta pit\u00e4\u00e4k\u00f6 sit\u00e4 pel\u00e4t\u00e4? Keskustelutilaisuus ik\u00e4\u00e4ntymisest\u00e4 yksil\u00f6n ja yhteiskunnan n\u00e4k\u00f6kulmasta Tampereella 11.11.","_en_post_content":"","_en_post_name":"","_en_post_excerpt":"","_en_post_title":"","edit_language":"en","footnotes":""},"categories":[131],"tags":[],"class_list":["post-7078","post","type-post","status-publish","format-standard","hentry","category-tapahtumat","entry","no-media"],"_links":{"self":[{"href":"https:\/\/www.gerec.fi\/en\/wp-json\/wp\/v2\/posts\/7078","targetHints":{"allow":["GET"]}}],"collection":[{"href":"https:\/\/www.gerec.fi\/en\/wp-json\/wp\/v2\/posts"}],"about":[{"href":"https:\/\/www.gerec.fi\/en\/wp-json\/wp\/v2\/types\/post"}],"author":[{"embeddable":true,"href":"https:\/\/www.gerec.fi\/en\/wp-json\/wp\/v2\/users\/3"}],"replies":[{"embeddable":true,"href":"https:\/\/www.gerec.fi\/en\/wp-json\/wp\/v2\/comments?post=7078"}],"version-history":[{"count":2,"href":"https:\/\/www.gerec.fi\/en\/wp-json\/wp\/v2\/posts\/7078\/revisions"}],"predecessor-version":[{"id":7080,"href":"https:\/\/www.gerec.fi\/en\/wp-json\/wp\/v2\/posts\/7078\/revisions\/7080"}],"wp:attachment":[{"href":"https:\/\/www.gerec.fi\/en\/wp-json\/wp\/v2\/media?parent=7078"}],"wp:term":[{"taxonomy":"category","embeddable":true,"href":"https:\/\/www.gerec.fi\/en\/wp-json\/wp\/v2\/categories?post=7078"},{"taxonomy":"post_tag","embeddable":true,"href":"https:\/\/www.gerec.fi\/en\/wp-json\/wp\/v2\/tags?post=7078"}],"curies":[{"name":"wp","href":"https:\/\/api.w.org\/{rel}","templated":true}]}}