{"id":7044,"date":"2019-09-30T14:46:45","date_gmt":"2019-09-30T11:46:45","guid":{"rendered":"https:\/\/www.gerec.fi\/?p=7044"},"modified":"2019-09-30T14:46:45","modified_gmt":"2019-09-30T11:46:45","slug":"","status":"publish","type":"post","link":"https:\/\/www.gerec.fi\/en\/uusi-elaman-tiekartta\/","title":{"rendered":"","raw":""},"content":{"rendered":"","protected":false,"raw":""},"excerpt":{"rendered":"Taina Rantanen T\u00e4ytin hiljan 60 vuotta ja sain ty\u00f6nantajalta kirjeen, jossa kysyttiin, milloin aion j\u00e4\u00e4d\u00e4 el\u00e4kkeelle. Sulattelin asiaa hetken ja vastasin, ett\u00e4 n\u00e4ill\u00e4 n\u00e4kymill\u00e4 en seuraavan viiden vuoden kuluessa. Kirje her\u00e4tti muutamia ajatuksia etenkin siit\u00e4, ett\u00e4 ajattelemme el\u00e4m\u00e4nkulkua sangen normatiivisesti.&hellip;","protected":false,"raw":""},"author":3,"featured_media":0,"comment_status":"closed","ping_status":"closed","sticky":false,"template":"","format":"standard","meta":{"_mi_skip_tracking":false,"_fi_post_content":"[caption id=\"attachment_7046\" align=\"alignright\" width=\"220\"]<img class=\"wp-image-7046 size-medium\" src=\"https:\/\/www.gerec.fi\/wp-content\/uploads\/2019\/09\/Taina_1-220x300.jpg\" alt=\"\" width=\"220\" height=\"300\" \/> Taina Rantanen[\/caption]\r\n\r\nT\u00e4ytin hiljan 60 vuotta ja sain ty\u00f6nantajalta kirjeen, jossa kysyttiin, milloin aion j\u00e4\u00e4d\u00e4 el\u00e4kkeelle. Sulattelin asiaa hetken ja vastasin, ett\u00e4 n\u00e4ill\u00e4 n\u00e4kymill\u00e4 en seuraavan viiden vuoden kuluessa. Kirje her\u00e4tti muutamia ajatuksia etenkin siit\u00e4, ett\u00e4 ajattelemme el\u00e4m\u00e4nkulkua sangen normatiivisesti. Vallitseva nykyk\u00e4sitys on, ett\u00e4 el\u00e4m\u00e4 jakautuu koulutukseen, ty\u00f6uraan ja el\u00e4keaikaan.\r\n\r\nAjat muuttuvat ja ihmisen elinik\u00e4 jatkaa pidentymist\u00e4\u00e4n. Jotkut ennustavat, ett\u00e4 nykylapset el\u00e4v\u00e4t sangen todenn\u00e4k\u00f6isesti 100-vuotiaiksi. Silti ihmisten mieliin on iskostunut ajatus 65 vuodesta el\u00e4keik\u00e4n\u00e4, mik\u00e4 on koskenut kaikkia suomalaisia vasta vuodesta 1962.\u00a0 Itse asiassa sama ajatus on iskostunut kaikkiin yhteiskunnan toimintoihin. Koulutus ja ty\u00f6 koskevat alle 65-vuotiaita ja mit\u00e4 rakenteita onkaan varattu yli 65-vuotiaiden toiminnalle? Ei mit\u00e4\u00e4n. Jotkut keksiv\u00e4t itselleen tekemist\u00e4 esimerkiksi j\u00e4rjest\u00f6iss\u00e4, perustavat yrityksen tai jatkavat yritt\u00e4jin\u00e4 ja jotkut jatkavat palkkat\u00f6iss\u00e4, mutta kyseess\u00e4 ovat yksil\u00f6lliset ratkaisut. Ei ole olemassa mit\u00e4\u00e4n my\u00f6nteist\u00e4 ty\u00f6el\u00e4m\u00e4\u00e4n verrattavaa instituutiota, joka koskisi el\u00e4kei\u00e4n ylitt\u00e4neit\u00e4. Ainoa n\u00e4k\u00f6piiriss\u00e4 oleva i\u00e4kk\u00e4it\u00e4 koskeva yhteiskunnallinen asia on hoivapalvelut. Siis ensin ei mit\u00e4\u00e4n ja sitten vanhainkotiin.\r\n\r\nTy\u00f6el\u00e4m\u00e4 ei ole juurikaan valmistautunut monisukupolviseen ty\u00f6voimaan. Tarvittaisiin huomattavia uudistuksia ja lis\u00e4\u00e4 joustavuutta, jotta n\u00e4k\u00f6piiriss\u00e4 olevat v\u00e4est\u00f6muutokset eiv\u00e4t muodostu kohtalokkaiksi.\u00a0 Ihmettelen sit\u00e4, miksi kaiken pit\u00e4\u00e4 tapahtua el\u00e4m\u00e4ss\u00e4 samanaikaisesti, siis koulutus, lapset, ty\u00f6ura, asuntovelat, el\u00e4ke. Rauhoittukaa. Meill\u00e4 on nyky\u00e4\u00e4n k\u00e4ytett\u00e4viss\u00e4 enemm\u00e4n elinaikaa kuin ennen. Jos jatkamme t\u00f6it\u00e4 75-vuotiaaksi saakka, voi ihan hyvin olla kolmekymppisen\u00e4 lapsia hoitamassa ja nelikymppisen\u00e4 pari vuotta pois t\u00f6ist\u00e4 vaikkapa hankkimassa uuden koulutuksen ja kuusikymppisen\u00e4 t\u00e4ydent\u00e4\u00e4 osaamistaan esimerkiksi it-alalla. El\u00e4m\u00e4 voisi olla paljon nykyist\u00e4 rennompaa, jos kaikkea ei tarvitsisi ahtaa samoihin vuosiin.\r\n\r\nIhmist\u00e4 alkaa vanhuus painaa noin kymmenen vuotta ennen kuolemaa ja pari vuotta ennen kuolemaa havaitaan merkitt\u00e4v\u00e4\u00e4 hyvinvoinnin heikkenemist\u00e4. Jos uskon tilastoihin, niin kuin kansanterveystieteilij\u00e4n\u00e4 uskon, minulla on odotettavissa noin 20-25 elinvuotta, jolloin terveyteni on riitt\u00e4v\u00e4n hyv\u00e4. Kyseess\u00e4 on siis nelj\u00e4s vuodenaikani, syksy, sadonkorjuun aika. Odotan sit\u00e4 kiinnostuneena my\u00f6nteisin ajatuksin ja varmaankin keksin jotain hy\u00f6dyllist\u00e4 tekemist\u00e4 t\u00e4st\u00e4 eteenp\u00e4inkin. \u00a0T\u00e4h\u00e4n kirjoituksen sain kimmokkeen Stanfordin yliopiston hankkeesta \u201dThe New Map of Life\u201d.\r\n\r\nTaina Rantanen\r\n\r\n<em>Kirjoittaja on gerontologian ja kansanterveyden professori ja johtaa tutkimushankkeita, jotka k\u00e4sittelev\u00e4t aktiivisena vanhenemista ja toimintakyvyn kohorttieroja.<\/em>","_fi_post_name":"uusi-elaman-tiekartta","_fi_post_excerpt":"","_fi_post_title":"Uusi el\u00e4m\u00e4n tiekartta","_en_post_content":"","_en_post_name":"","_en_post_excerpt":"","_en_post_title":"","edit_language":"en","footnotes":""},"categories":[132],"tags":[],"class_list":["post-7044","post","type-post","status-publish","format-standard","hentry","category-blogi","entry","no-media"],"_links":{"self":[{"href":"https:\/\/www.gerec.fi\/en\/wp-json\/wp\/v2\/posts\/7044","targetHints":{"allow":["GET"]}}],"collection":[{"href":"https:\/\/www.gerec.fi\/en\/wp-json\/wp\/v2\/posts"}],"about":[{"href":"https:\/\/www.gerec.fi\/en\/wp-json\/wp\/v2\/types\/post"}],"author":[{"embeddable":true,"href":"https:\/\/www.gerec.fi\/en\/wp-json\/wp\/v2\/users\/3"}],"replies":[{"embeddable":true,"href":"https:\/\/www.gerec.fi\/en\/wp-json\/wp\/v2\/comments?post=7044"}],"version-history":[{"count":2,"href":"https:\/\/www.gerec.fi\/en\/wp-json\/wp\/v2\/posts\/7044\/revisions"}],"predecessor-version":[{"id":7047,"href":"https:\/\/www.gerec.fi\/en\/wp-json\/wp\/v2\/posts\/7044\/revisions\/7047"}],"wp:attachment":[{"href":"https:\/\/www.gerec.fi\/en\/wp-json\/wp\/v2\/media?parent=7044"}],"wp:term":[{"taxonomy":"category","embeddable":true,"href":"https:\/\/www.gerec.fi\/en\/wp-json\/wp\/v2\/categories?post=7044"},{"taxonomy":"post_tag","embeddable":true,"href":"https:\/\/www.gerec.fi\/en\/wp-json\/wp\/v2\/tags?post=7044"}],"curies":[{"name":"wp","href":"https:\/\/api.w.org\/{rel}","templated":true}]}}