{"id":7038,"date":"2019-09-20T11:50:29","date_gmt":"2019-09-20T08:50:29","guid":{"rendered":"https:\/\/www.gerec.fi\/?p=7038"},"modified":"2019-09-20T11:50:29","modified_gmt":"2019-09-20T08:50:29","slug":"","status":"publish","type":"post","link":"https:\/\/www.gerec.fi\/en\/gerecin-ohjelma-tampereen-yliopiston-tutkijoiden-yossa-27-9-2019\/","title":{"rendered":"","raw":""},"content":{"rendered":"","protected":false,"raw":""},"excerpt":{"rendered":"Tampereen GEREC on mukana Tampereen yliopiston Tutkijoiden y\u00f6ss\u00e4 27.9. Terveys- ja hyvinvointisarjan tiedeluennoilla puhutaan vanhenemisesta, kun lavalle astuvat GERECin v\u00e4it\u00f6skirjatutkijat Federica Previtali ja Katri Keskinen sek\u00e4 professori Marja Jylh\u00e4. Kuinka vanha on jo liian vanha? Ent\u00e4 voiko vanhakin olla terve?&hellip;","protected":false,"raw":""},"author":3,"featured_media":0,"comment_status":"closed","ping_status":"closed","sticky":false,"template":"","format":"standard","meta":{"_mi_skip_tracking":false,"_fi_post_content":"Tampereen GEREC on mukana Tampereen yliopiston Tutkijoiden y\u00f6ss\u00e4 27.9. Terveys- ja hyvinvointisarjan tiedeluennoilla puhutaan vanhenemisesta, kun lavalle astuvat GERECin v\u00e4it\u00f6skirjatutkijat Federica Previtali ja Katri Keskinen sek\u00e4 professori Marja Jylh\u00e4. Kuinka vanha on jo liian vanha? Ent\u00e4 voiko vanhakin olla terve?\r\n\r\nTervetuloa kuuntelemaan kaikille avoimia Studia Generalia \u2013luentoja Tampereen yliopiston Keskustakampukselle pe 27.9. klo 12-15.\r\n\r\nKatso koko Tampereen yliopiston ohjelma: <a href=\"http:\/\/www.tuni.fi\/tutkijoidenyo?fbclid=IwAR1GEe45OMYpM9-aDRrrClaAij27DoY0ZQd-tbZPzvTbWGKZLsDzKhmF6Nc\">www.tuni.fi\/tutkijoidenyo<\/a>\r\n\r\n<strong>Studia Generalia: Terveys ja hyvinvointi<\/strong>\r\n\r\n<strong>Paikka:<\/strong> Tampereen yliopisto, Keskustakampus, P\u00e4\u00e4talo, luentosali A1, 2.krs., Kalevankatu 4\r\n<strong>Aika:<\/strong> 12.00-15.00\r\n\r\nStudia Generalia -luennot ovat kaikille avoimia, ennakkoilmoittautumista ei tarvita. Kunkin luennon kesto on noin 40 minuuttia.\r\n\r\n<strong>Diabetesepidemia uhkanamme\r\n<\/strong>Erikoisl\u00e4\u00e4k\u00e4ri Jorma Lahtela, Pirkanmaan sairaanhoitopiiri\r\n\r\n<strong>Keliakia \u2013 koko elimist\u00f6n sairaus\r\n<\/strong>Apulaisprofessori Katri Lindfors, Tampereen yliopisto\r\n\r\n<strong>Ageismi: Kuinka vanha on jo liian vanha?\r\n<\/strong>V\u00e4it\u00f6skirjatutkijat Federica Previtali ja Katri Keskinen, Tampereen yliopisto\r\n\r\nYhteiskunnalliset keskustelut ovat jo pitk\u00e4\u00e4n py\u00f6rineet v\u00e4est\u00f6n ik\u00e4\u00e4ntymisen ja v\u00e4est\u00f6rakenteen muutosten ymp\u00e4rill\u00e4. Mutta kuka on liian vanha, ja kuka taas liian nuori? Onko olemassa \u201doikea ik\u00e4\u201d? Tampereen yliopistossa teht\u00e4v\u00e4 ageismitutkimus keskittyy ik\u00e4\u00e4n perustuviin ennakkoluulohin, stereotypioihin ja ik\u00e4syrjint\u00e4\u00e4n, sek\u00e4 niiden yleisyyteen, rakenteisiin ja seurauksiin etenkin ty\u00f6el\u00e4m\u00e4ss\u00e4. T\u00e4m\u00e4n luennon aikana pyrimme havainnollistamaan esimerkkien avulla i\u00e4n merkityksen erilaisissa arkiel\u00e4m\u00e4n tilanteissa muun muassa terveydenhuollon ja ty\u00f6el\u00e4m\u00e4n saroilla.\r\n\r\n<strong>Voiko vanhakin olla terve?\r\n<\/strong>Professori Marja Jylh\u00e4, Tampereen yliopisto\r\n\r\nLuennossa kerrotaan tutkimustietoa siit\u00e4, onko pidempi elinik\u00e4 tuonut mukanaan my\u00f6s enemm\u00e4n terveytt\u00e4. Samalla pohditaan, mit\u00e4 terveys oikein tarkoittaa, kun ik\u00e4vuosia on karttunut paljon ja mit\u00e4 voi tehd\u00e4 pysy\u00e4kseen mahdollisimman terveen\u00e4. Kohtuullinen terveys on t\u00e4rke\u00e4\u00e4, mutta onko t\u00e4ydellinen terveys kuitenkaan hyv\u00e4n el\u00e4m\u00e4n kannalta kaikkein t\u00e4rkein asia?\r\n\r\n&nbsp;","_fi_post_name":"gerecin-ohjelma-tampereen-yliopiston-tutkijoiden-yossa-27-9-2019","_fi_post_excerpt":"","_fi_post_title":"GERECin ohjelma Tampereen yliopiston Tutkijoiden y\u00f6ss\u00e4 27.9.2019","_en_post_content":"","_en_post_name":"","_en_post_excerpt":"","_en_post_title":"","edit_language":"en","footnotes":""},"categories":[131],"tags":[217],"class_list":["post-7038","post","type-post","status-publish","format-standard","hentry","category-tapahtumat","tag-tutkijoiden-yo","entry","no-media"],"_links":{"self":[{"href":"https:\/\/www.gerec.fi\/en\/wp-json\/wp\/v2\/posts\/7038","targetHints":{"allow":["GET"]}}],"collection":[{"href":"https:\/\/www.gerec.fi\/en\/wp-json\/wp\/v2\/posts"}],"about":[{"href":"https:\/\/www.gerec.fi\/en\/wp-json\/wp\/v2\/types\/post"}],"author":[{"embeddable":true,"href":"https:\/\/www.gerec.fi\/en\/wp-json\/wp\/v2\/users\/3"}],"replies":[{"embeddable":true,"href":"https:\/\/www.gerec.fi\/en\/wp-json\/wp\/v2\/comments?post=7038"}],"version-history":[{"count":1,"href":"https:\/\/www.gerec.fi\/en\/wp-json\/wp\/v2\/posts\/7038\/revisions"}],"predecessor-version":[{"id":7039,"href":"https:\/\/www.gerec.fi\/en\/wp-json\/wp\/v2\/posts\/7038\/revisions\/7039"}],"wp:attachment":[{"href":"https:\/\/www.gerec.fi\/en\/wp-json\/wp\/v2\/media?parent=7038"}],"wp:term":[{"taxonomy":"category","embeddable":true,"href":"https:\/\/www.gerec.fi\/en\/wp-json\/wp\/v2\/categories?post=7038"},{"taxonomy":"post_tag","embeddable":true,"href":"https:\/\/www.gerec.fi\/en\/wp-json\/wp\/v2\/tags?post=7038"}],"curies":[{"name":"wp","href":"https:\/\/api.w.org\/{rel}","templated":true}]}}