{"id":7005,"date":"2019-09-09T14:27:16","date_gmt":"2019-09-09T11:27:16","guid":{"rendered":"https:\/\/www.gerec.fi\/?p=7005"},"modified":"2019-09-16T11:19:32","modified_gmt":"2019-09-16T08:19:32","slug":"","status":"publish","type":"post","link":"https:\/\/www.gerec.fi\/en\/tutkijoiden-yo-2019\/","title":{"rendered":"","raw":""},"content":{"rendered":"","protected":false,"raw":""},"excerpt":{"rendered":"Tervetuloa tieteen ja tutkimuksen maailmaan! Jyv\u00e4skyl\u00e4n GEREC on mukana Tutkijoiden y\u00f6ss\u00e4 osana Liikuntatieteellisen tiedekunnan monipuolista ohjelmaa. GERECin tiedepisteiss\u00e4 valotetaan sit\u00e4, kuinka pit\u00e4\u00e4 yll\u00e4 hyv\u00e4\u00e4 mielt\u00e4 ja kuntoa eri el\u00e4m\u00e4nvaiheissa. Tutkijoiden y\u00f6 2019 saapuu Jyv\u00e4skyl\u00e4n yliopistoon syyskuun viimeisen\u00e4 perjantaina 27.9.2019. Tutkijat&hellip;","protected":false,"raw":""},"author":3,"featured_media":0,"comment_status":"closed","ping_status":"closed","sticky":false,"template":"","format":"standard","meta":{"_mi_skip_tracking":false,"_fi_post_content":"<strong>Tervetuloa tieteen ja tutkimuksen maailmaan! Jyv\u00e4skyl\u00e4n GEREC on mukana Tutkijoiden y\u00f6ss\u00e4 osana Liikuntatieteellisen tiedekunnan monipuolista ohjelmaa. GERECin tiedepisteiss\u00e4 valotetaan sit\u00e4, kuinka pit\u00e4\u00e4 yll\u00e4 hyv\u00e4\u00e4 mielt\u00e4 ja kuntoa eri el\u00e4m\u00e4nvaiheissa.<\/strong>\r\n\r\n<img class=\"wp-image-7012 size-medium alignleft\" src=\"https:\/\/www.gerec.fi\/wp-content\/uploads\/2019\/09\/GEREC_tutkijoita-300x225.jpg\" alt=\"\" width=\"300\" height=\"225\" \/>\r\n\r\nTutkijoiden y\u00f6 2019 saapuu Jyv\u00e4skyl\u00e4n yliopistoon syyskuun viimeisen\u00e4 perjantaina 27.9.2019. Tutkijat avaavat ovensa suurelle yleis\u00f6lle koko p\u00e4iv\u00e4n kest\u00e4v\u00e4ss\u00e4 tapahtumassa, jossa tiedett\u00e4 ja sen saavutuksia juhlistetaan yhdess\u00e4 11 paikkakunnan ja koko Euroopan kanssa.\r\n\r\nTervetuloa tutustumaan ik\u00e4\u00e4ntymisen tutkimukseen ja saamaan tietoa terveydest\u00e4 ja toimintakyvyst\u00e4 Gerontologian tutkimuskeskuksen tiedepisteill\u00e4. Noin puolen tunnin mittaiset tietoiskut ik\u00e4\u00e4ntymistutkimuksesta alkavat tasatunnein klo 17-20, ja kaiken ik\u00e4isille soveltuvat testipisteet py\u00f6riv\u00e4t voimistelusalissa klo 17-22. Testipisteill\u00e4 p\u00e4\u00e4set kokeilemaan ik\u00e4\u00e4ntymistutkimuksessa k\u00e4ytettyj\u00e4 fyysisen ja kognitiivisen toimintakyvyn testej\u00e4. Katso tarkempi GERECin ohjelma alta. Tutustu my\u00f6s muuhun Liikunnan ohjelmaan (Seminaarinm\u00e4ki) ja koko Jyv\u00e4skyl\u00e4n yliopiston tapahtumiin <a href=\"https:\/\/www.jyu.fi\/fi\/akateemiset-tapahtumat\/tutkijoiden-yo\/ohjelma-2019\" target=\"_blank\" rel=\"noopener noreferrer\"><strong>t\u00e4\u00e4ll\u00e4<\/strong><\/a>.\r\n\r\nTutkijoiden y\u00f6 j\u00e4rjestet\u00e4\u00e4n yhdess\u00e4 Jyv\u00e4skyl\u00e4n kaupungin <a href=\"http:\/\/valonkaupunki.jyvaskyla.fi\/\" target=\"_blank\" rel=\"noopener noreferrer\">Valon kaupunki -tapahtuman<\/a> kanssa. Liikunnalla esiintyy alankomaalainen taiteilijaduo AlexP, joka tarjoaa yleis\u00f6lle mahdollisuuden astua v\u00e4rien kirjoon ja olla mukana luomassa ainutlaatuisia taideteoksia. Duo esiintyy Liikunnalla pe 27.9. klo 20.00-22.00 (Valon kaupungin tapahtuma nro 30).\r\n\r\nJyv\u00e4skyl\u00e4n yliopiston kampusalueilla teit\u00e4 palvelevat Semman lounasravintolat pidennetyill\u00e4 aukioloajoilla.\r\n\r\nKaikkiin tapahtumiin on vapaa p\u00e4\u00e4sy. Tervetuloa!\r\n\r\nLiikunnan esteett\u00f6myystiedot <strong><a href=\"https:\/\/www.jyu.fi\/fi\/yliopistopalvelut\/salit-tilavaraus\/rakennusten-saavutettavuus\/kuvausle#L\" target=\"_blank\" rel=\"noopener noreferrer\">n\u00e4et t\u00e4st\u00e4<\/a>.<\/strong>\r\n<h3><strong>Gerontologian\u00a0tutkimuskeskuksen\u00a0ohjelma\u00a0Tutkijoiden\u00a0y\u00f6ss\u00e4\u00a027.9.2019<\/strong><\/h3>\r\nLiikunta-rakennus\u00a0(Keskussairaalantie\u00a04,\u00a0Jyv\u00e4skyl\u00e4)\r\n\r\n<strong>30-45 min\u00a0tietoiskut\u00a0ik\u00e4\u00e4ntymistutkimuksesta<\/strong>\u00a0(luentosali\u00a0L209)\r\n\r\nKlo\u00a017\u00a0<strong>Aktiivisena\u00a0vanheneminen<\/strong>,\u00a0pj.\u00a0professori\u00a0Taina\u00a0Rantanen\r\nErja\u00a0Portegijs:\u00a0Miss\u00e4\u00a0ik\u00e4\u00e4ntymist\u00e4\u00a0kannattaa\u00a0tutkia?\r\nElina\u00a0Sillanp\u00e4\u00e4:\u00a0Ovatko\u00a0vanhat\u00a0ihmiset\u00a0nuorempia\u00a0kuin\u00a0ennen?\r\nSini\u00a0Siltanen:\u00a0Sitkeys\u00a0\u2013\u00a0avain\u00a0aktiivisena\u00a0vanhenemiseen?\r\n\r\nKlo\u00a018\u00a0<strong>Pysy\u00a0pystyss\u00e4\u00a0ja\u00a0liikkeell\u00e4<\/strong>,\u00a0pj.\u00a0professori\u00a0Sarianna\u00a0Sipil\u00e4\r\nSarianna\u00a0Sipil\u00e4:\u00a0Harjoittelu\u00a0liikkumiskyvyn\u00a0edist\u00e4j\u00e4n\u00e4\r\nTiina\u00a0Savikangas:\u00a0Kevytkin\u00a0liikkuminen\u00a0kannattaa\r\nKatri\u00a0Turunen:\u00a0Pit\u00e4\u00e4k\u00f6\u00a0olla\u00a0huolissaan,\u00a0jos\u00a0kaatuminen\u00a0pelottaa?\r\n\r\nKlo\u00a019:\u00a0<strong>Keski-ik\u00e4\u00a0aktiivisena\u00a0ja\u00a0onnellisena\u00a0el\u00e4m\u00e4nvaiheena<\/strong>,\u00a0pj.\u00a0tutkimusjohtaja\u00a0Katja Kokko\r\nKatja Kokko:\u00a0Mist\u00e4\u00a0onnellisuus\u00a0kumpuaa?\r\nTiia\u00a0Kek\u00e4l\u00e4inen:\u00a0Harrasta\u00a0ja\u00a0voi\u00a0hyvin\r\nJenni Karvonen:\u00a0Millainen\u00a0olen\u00a0\u2013\u00a0siten\u00a0liikun\r\n\r\nKlo\u00a020:\u00a0<strong>Kuuman\u00a0aallon\u00a0harjalla:\u00a0tietoiskuja\u00a0vaihdevuosista<\/strong>\r\n\r\n&nbsp;\r\n\r\n<strong>Mahdollisuus\u00a0testata\u00a0omaa\u00a0toimintakyky\u00e4\r\n<\/strong>klo\u00a017-22 (voimistelusali)\r\n<ul>\r\n \t<li>Fyysinen <span data-contrast=\"auto\">toimintakyky<\/span><span data-contrast=\"auto\">\u00a0(<\/span><span data-contrast=\"auto\">k<span data-contrast=\"auto\">\u00e4velynopeus<\/span><\/span><span data-contrast=\"auto\">,\u00a0<\/span><span data-contrast=\"auto\">k\u00e4den<\/span><span data-contrast=\"auto\">\u00a0<\/span><span data-contrast=\"auto\">puristusvoima<\/span><span data-contrast=\"auto\">,\u00a0<\/span><span data-contrast=\"auto\">tuolilta<\/span><span data-contrast=\"auto\">\u00a0yl\u00f6snousu)<\/span><span data-ccp-props=\"{&quot;134233279&quot;:true,&quot;201341983&quot;:0,&quot;335559739&quot;:160,&quot;335559740&quot;:259}\">\u00a0<\/span><\/li>\r\n \t<li><span data-contrast=\"auto\"> Kehonkoostumus <\/span><span data-contrast=\"auto\">(<\/span><span data-contrast=\"auto\">InBody<\/span><span data-contrast=\"auto\">)<\/span><span data-ccp-props=\"{&quot;134233279&quot;:true,&quot;201341983&quot;:0,&quot;335559739&quot;:160,&quot;335559740&quot;:259}\">\u00a0<\/span><\/li>\r\n \t<li><span data-contrast=\"auto\"> Kognitiivinen <\/span><span data-contrast=\"auto\">toiminnanohjaus<\/span><span data-contrast=\"auto\">\u00a0(Stroop)\r\n<\/span><span data-ccp-props=\"{&quot;134233279&quot;:true,&quot;201341983&quot;:0,&quot;335559739&quot;:160,&quot;335559740&quot;:259}\">\u00a0<\/span><\/li>\r\n<\/ul>\r\n<em><span style=\"text-align: left; color: #333333; text-transform: none; text-indent: 0px; letter-spacing: normal; font-family: Georgia,'Times New Roman','Bitstream Charter',Times,serif; font-size: 16px; font-variant: normal; font-weight: 400; text-decoration: none; word-spacing: 0px; display: inline !important; white-space: normal; cursor: text; orphans: 2; float: none; -webkit-text-stroke-width: 0px; background-color: #ffffff;\">T\u00e4m\u00e4 Tutkijoiden y\u00f6 -projekti rahoitetaan Euroopan komission Marie Sk\u0142odowska-Curie toimien alaisena sopimusnumerolla 817987.<\/span><\/em>\r\n\r\n<img class=\"alignnone size-full wp-image-7011\" src=\"https:\/\/www.gerec.fi\/wp-content\/uploads\/2019\/09\/Logo.png\" alt=\"\" width=\"400\" height=\"111\" \/>","_fi_post_name":"tutkijoiden-yo-2019","_fi_post_excerpt":"","_fi_post_title":"Tutkijoiden y\u00f6 saapuu j\u00e4lleen Jyv\u00e4skyl\u00e4n yliopistoon 27.9.2019","_en_post_content":"","_en_post_name":"","_en_post_excerpt":"","_en_post_title":"","edit_language":"en","footnotes":""},"categories":[131],"tags":[217],"class_list":["post-7005","post","type-post","status-publish","format-standard","hentry","category-tapahtumat","tag-tutkijoiden-yo","entry","no-media"],"_links":{"self":[{"href":"https:\/\/www.gerec.fi\/en\/wp-json\/wp\/v2\/posts\/7005","targetHints":{"allow":["GET"]}}],"collection":[{"href":"https:\/\/www.gerec.fi\/en\/wp-json\/wp\/v2\/posts"}],"about":[{"href":"https:\/\/www.gerec.fi\/en\/wp-json\/wp\/v2\/types\/post"}],"author":[{"embeddable":true,"href":"https:\/\/www.gerec.fi\/en\/wp-json\/wp\/v2\/users\/3"}],"replies":[{"embeddable":true,"href":"https:\/\/www.gerec.fi\/en\/wp-json\/wp\/v2\/comments?post=7005"}],"version-history":[{"count":20,"href":"https:\/\/www.gerec.fi\/en\/wp-json\/wp\/v2\/posts\/7005\/revisions"}],"predecessor-version":[{"id":7032,"href":"https:\/\/www.gerec.fi\/en\/wp-json\/wp\/v2\/posts\/7005\/revisions\/7032"}],"wp:attachment":[{"href":"https:\/\/www.gerec.fi\/en\/wp-json\/wp\/v2\/media?parent=7005"}],"wp:term":[{"taxonomy":"category","embeddable":true,"href":"https:\/\/www.gerec.fi\/en\/wp-json\/wp\/v2\/categories?post=7005"},{"taxonomy":"post_tag","embeddable":true,"href":"https:\/\/www.gerec.fi\/en\/wp-json\/wp\/v2\/tags?post=7005"}],"curies":[{"name":"wp","href":"https:\/\/api.w.org\/{rel}","templated":true}]}}