{"id":6925,"date":"2019-06-06T15:07:53","date_gmt":"2019-06-06T12:07:53","guid":{"rendered":"https:\/\/www.gerec.fi\/?p=6925"},"modified":"2019-06-06T15:07:53","modified_gmt":"2019-06-06T12:07:53","slug":"","status":"publish","type":"post","link":"https:\/\/www.gerec.fi\/en\/gerecin-kesakoulu-22-23-8-2019-virroilla\/","title":{"rendered":"","raw":""},"content":{"rendered":"","protected":false,"raw":""},"excerpt":{"rendered":"GERECin kes\u00e4koulu j\u00e4rjestet\u00e4\u00e4n\u00a0t\u00e4n\u00e4 vuonna Virroilla, Marttisen\u00a0Nuorisokeskuksessa. Teemana on Gerontologian suuret totuudet, ja ohjelmassa niiden selvitt\u00e4misen lis\u00e4ksi ulkoilua, saunomista, sy\u00f6mist\u00e4 ja seurustelua. Katso t\u00e4st\u00e4 ohjelma! Ilmoittaudu kes\u00e4kouluun\u00a08.8. menness\u00e4.\u00a0Mahdolliset peruutukset voi tehd\u00e4 ilmoittautumisen yhteydess\u00e4 tulevan vahvistusviestin kautta, my\u00f6skin 8.8. menness\u00e4. The GEREC&hellip;","protected":false,"raw":""},"author":3,"featured_media":0,"comment_status":"closed","ping_status":"closed","sticky":false,"template":"","format":"standard","meta":{"_mi_skip_tracking":false,"_fi_post_content":"GERECin kes\u00e4koulu j\u00e4rjestet\u00e4\u00e4n\u00a0t\u00e4n\u00e4 vuonna Virroilla, <a id=\"LPlnk254628\" href=\"https:\/\/www.marttinen.fi\/kokous-ja-juhlatalo\/\" target=\"_blank\" rel=\"noopener noreferrer\" data-auth=\"NotApplicable\">Marttisen\u00a0Nuorisokeskuksessa<\/a>. Teemana on Gerontologian suuret totuudet, ja ohjelmassa niiden selvitt\u00e4misen lis\u00e4ksi ulkoilua, saunomista, sy\u00f6mist\u00e4 ja seurustelua. <a href=\"https:\/\/www.gerec.fi\/wp-content\/uploads\/2019\/06\/GEREC-kes\u00e4koulun-ohjelma.pdf\">Katso t\u00e4st\u00e4 ohjelma!<\/a>\r\n\r\n<a id=\"LPlnk903064\" href=\"https:\/\/www.lyyti.fi\/reg\/GERECkesakoulu2019\" target=\"_blank\" rel=\"noopener noreferrer\" data-auth=\"NotApplicable\">Ilmoittaudu<\/a> kes\u00e4kouluun<b>\u00a08.8. menness\u00e4<\/b>.\u00a0Mahdolliset peruutukset voi tehd\u00e4 ilmoittautumisen yhteydess\u00e4 tulevan vahvistusviestin kautta, my\u00f6skin 8.8. menness\u00e4.\r\n\r\n<i>The GEREC Summer School will be organized in Finnish. If you are interested in participating despite the possible language barrier, ask suvi.laakso@tuni.fi for more information.<\/i>","_fi_post_name":"gerecin-kesakoulu-22-23-8-2019-virroilla","_fi_post_excerpt":"","_fi_post_title":"GERECin kes\u00e4koulu 22.\u201323.8.2019 Virroilla","_en_post_content":"","_en_post_name":"","_en_post_excerpt":"","_en_post_title":"","edit_language":"en","footnotes":""},"categories":[131],"tags":[],"class_list":["post-6925","post","type-post","status-publish","format-standard","hentry","category-tapahtumat","entry","no-media"],"_links":{"self":[{"href":"https:\/\/www.gerec.fi\/en\/wp-json\/wp\/v2\/posts\/6925","targetHints":{"allow":["GET"]}}],"collection":[{"href":"https:\/\/www.gerec.fi\/en\/wp-json\/wp\/v2\/posts"}],"about":[{"href":"https:\/\/www.gerec.fi\/en\/wp-json\/wp\/v2\/types\/post"}],"author":[{"embeddable":true,"href":"https:\/\/www.gerec.fi\/en\/wp-json\/wp\/v2\/users\/3"}],"replies":[{"embeddable":true,"href":"https:\/\/www.gerec.fi\/en\/wp-json\/wp\/v2\/comments?post=6925"}],"version-history":[{"count":2,"href":"https:\/\/www.gerec.fi\/en\/wp-json\/wp\/v2\/posts\/6925\/revisions"}],"predecessor-version":[{"id":6927,"href":"https:\/\/www.gerec.fi\/en\/wp-json\/wp\/v2\/posts\/6925\/revisions\/6927"}],"wp:attachment":[{"href":"https:\/\/www.gerec.fi\/en\/wp-json\/wp\/v2\/media?parent=6925"}],"wp:term":[{"taxonomy":"category","embeddable":true,"href":"https:\/\/www.gerec.fi\/en\/wp-json\/wp\/v2\/categories?post=6925"},{"taxonomy":"post_tag","embeddable":true,"href":"https:\/\/www.gerec.fi\/en\/wp-json\/wp\/v2\/tags?post=6925"}],"curies":[{"name":"wp","href":"https:\/\/api.w.org\/{rel}","templated":true}]}}