{"id":6905,"date":"2019-05-22T14:26:07","date_gmt":"2019-05-22T11:26:07","guid":{"rendered":"https:\/\/www.gerec.fi\/?p=6905"},"modified":"2019-05-23T12:18:04","modified_gmt":"2019-05-23T09:18:04","slug":"large-amount-of-gerec-researchers-is-heading-to-the-iagg-er-2019-congress-to-gothenburg","status":"publish","type":"post","link":"https:\/\/www.gerec.fi\/en\/large-amount-of-gerec-researchers-is-heading-to-the-iagg-er-2019-congress-to-gothenburg\/","title":{"rendered":"Large amount of GEREC-researchers is heading to the IAGG-ER 2019 congress to Gothenburg","raw":"Large amount of GEREC-researchers is heading to the IAGG-ER 2019 congress to Gothenburg"},"content":{"rendered":"<p><span style=\"font-family: georgia,palatino;\"><span style=\"color: #000000;\"><span lang=\"EN-US\">9th European Congress of the International Association of Gerontology and Geriatrics, European Region, is held this week <\/span><span lang=\"EN-US\">23<sup><span style=\"font-size: small;\">rd<\/span><\/sup> \u2013 25<sup><span style=\"font-size: small;\">th<\/span><\/sup> May<\/span><span lang=\"EN-US\"> in Gothenburg. 27 researchers from the Gerontology Research Center, GEREC, both from the University of Jyv\u00e4skyl\u00e4 and Tampere University are heading to Sweden to <\/span><span lang=\"EN-US\">present and share their newest research findings. <\/span><\/span><\/span><\/p>\n<p><span style=\"font-family: georgia,palatino;\"><span style=\"color: #000000;\"><span lang=\"EN-US\">The theme of the multidisciplinary congress is \u201cTowards Capability in Ageing \u2013 from cell to\u00a0<\/span><span lang=\"EN-GB\">society<\/span><span lang=\"EN-US\">\u201c<\/span><span lang=\"EN-GB\">.<\/span> <span lang=\"EN-US\">More than 1600 scientists and clinicians from approx. 60 countries worldwide are participating the congress.<\/span><\/span><\/span><\/p>\n<p><span style=\"font-family: georgia,palatino;\"><span style=\"color: #000000;\"><span lang=\"EN-US\">GEREC-researchers will have in total 14 oral presentations, 16 posters, five oral poster posters, two researchers chairing a symposium and two chairing a session. In addition, GEREC is having a booth no. <\/span><span lang=\"EN-US\">H01:13 <\/span><span lang=\"EN-US\">at the exhibition. Welcome to meet and visit us!<\/span><\/span><\/span><\/p>\n<p><a href=\"https:\/\/iagger2019.se\/\" target=\"_blank\" rel=\"noopener noreferrer\">Homepage of the congress<\/a><br \/>\n<span style=\"font-family: georgia,palatino;\"><span style=\"color: #000000;\">#IAGGER2019<\/span><\/span><\/p>\n<h3><strong><a href=\"https:\/\/www.gerec.fi\/wp-content\/uploads\/2019\/05\/IAGG-ER_2019_GEREC_presentations_1.pdf\" target=\"_blank\" rel=\"noopener noreferrer\">IAGG-ER 2019, GEREC presentations<\/a> <\/strong>(pdf)<\/h3>\n<h1><\/h1>\n<p>&nbsp;<\/p>\n","protected":false,"raw":"<span style=\"font-family: georgia,palatino;\"><span style=\"color: #000000;\"><span lang=\"EN-US\">9th European Congress of the International Association of Gerontology and Geriatrics, European Region, is held this week <\/span><span lang=\"EN-US\">23<sup><span style=\"font-size: small;\">rd<\/span><\/sup> \u2013 25<sup><span style=\"font-size: small;\">th<\/span><\/sup> May<\/span><span lang=\"EN-US\"> in Gothenburg. 27 researchers from the Gerontology Research Center, GEREC, both from the University of Jyv\u00e4skyl\u00e4 and Tampere University are heading to Sweden to <\/span><span lang=\"EN-US\">present and share their newest research findings. <\/span><\/span><\/span>\r\n\r\n<span style=\"font-family: georgia,palatino;\"><span style=\"color: #000000;\"><span lang=\"EN-US\">The theme of the multidisciplinary congress is \u201cTowards Capability in Ageing \u2013 from cell to\u00a0<\/span><span lang=\"EN-GB\">society<\/span><span lang=\"EN-US\">\u201c<\/span><span lang=\"EN-GB\">.<\/span> <span lang=\"EN-US\">More than 1600 scientists and clinicians from approx. 60 countries worldwide are participating the congress.<\/span><\/span><\/span>\r\n\r\n<span style=\"font-family: georgia,palatino;\"><span style=\"color: #000000;\"><span lang=\"EN-US\">GEREC-researchers will have in total 14 oral presentations, 16 posters, five oral poster posters, two researchers chairing a symposium and two chairing a session. In addition, GEREC is having a booth no. <\/span><span lang=\"EN-US\">H01:13 <\/span><span lang=\"EN-US\">at the exhibition. Welcome to meet and visit us!<\/span><\/span><\/span>\r\n\r\n<a href=\"https:\/\/iagger2019.se\/\" target=\"_blank\" rel=\"noopener noreferrer\">Homepage of the congress<\/a>\r\n<span style=\"font-family: georgia,palatino;\"><span style=\"color: #000000;\">#IAGGER2019<\/span><\/span>\r\n<h3><strong><a href=\"https:\/\/www.gerec.fi\/wp-content\/uploads\/2019\/05\/IAGG-ER_2019_GEREC_presentations_1.pdf\" target=\"_blank\" rel=\"noopener noreferrer\">IAGG-ER 2019, GEREC presentations<\/a> <\/strong>(pdf)<\/h3>\r\n<h1><\/h1>\r\n&nbsp;"},"excerpt":{"rendered":"G\u00f6teborgissa 23.\u201325.5.2019 j\u00e4rjestett\u00e4v\u00e4\u00e4n IAGG-ER 2019-kongressiin l\u00e4htee Jyv\u00e4skyl\u00e4st\u00e4 ja Tampereelta 27 GEREC-tutkijaa. Yhdeks\u00e4tt\u00e4 kertaa j\u00e4rjestett\u00e4v\u00e4n monitieteisen kongressin teemana on \u201cTowards Capability in Ageing \u2013 from cell to society\u201c. Kongressiin osallistuu yhteens\u00e4 yli 1600 tutkijaa ja ammattilaista yli 60 maasta. GEREC-tutkijoilla on&hellip;","protected":false,"raw":""},"author":3,"featured_media":0,"comment_status":"closed","ping_status":"closed","sticky":false,"template":"","format":"standard","meta":{"_mi_skip_tracking":false,"_fi_post_content":"G\u00f6teborgissa 23.\u201325.5.2019 j\u00e4rjestett\u00e4v\u00e4\u00e4n IAGG-ER 2019-kongressiin l\u00e4htee Jyv\u00e4skyl\u00e4st\u00e4 ja Tampereelta 27 GEREC-tutkijaa. Yhdeks\u00e4tt\u00e4 kertaa j\u00e4rjestett\u00e4v\u00e4n monitieteisen kongressin teemana on \u201cTowards Capability in Ageing \u2013 from cell to society\u201c. Kongressiin osallistuu yhteens\u00e4 yli 1600 tutkijaa ja ammattilaista yli 60 maasta.\r\n\r\nGEREC-tutkijoilla on kongressissa 14 suullista esitelm\u00e4\u00e4, 16 posteria, viisi suullista posteria sek\u00e4 puheenjohtajuus kahdessa symposiumissa ja kahdessa suullisessa sessiossa. Gerontologian tutkimuskeskus esittelee lis\u00e4ksi toimintaansa kongressin n\u00e4yttelyss\u00e4 paikalla H01:13. Jos olet paikalla, tervetuloa kuuntelemaan esityksi\u00e4 ja moikkaamaan tutkijoitamme!\r\n\r\n<a href=\"https:\/\/iagger2019.se\/\" target=\"_blank\" rel=\"noopener noreferrer\">Kongressin nettisivut<\/a>\r\nSeuraa tapahtumia somessa tunnisteella #IAGGER2019\r\n<h3><strong><a href=\"https:\/\/www.gerec.fi\/wp-content\/uploads\/2019\/05\/IAGG-ER_2019_GEREC_presentations_1.pdf\" target=\"_blank\" rel=\"noopener noreferrer\">IAGG-ER 2019, GEREC-tutkijoiden esitykset<\/a> (pdf)<\/strong><\/h3>\r\n&nbsp;","_fi_post_name":"iso-joukko-gerec-tutkijoita-osallistuu-gerontologian-ja-geriatrian-eurooppalaiseen-kongressiin","_fi_post_excerpt":"","_fi_post_title":"Iso joukko GEREC-tutkijoita osallistuu gerontologian ja geriatrian eurooppalaiseen kongressiin","_en_post_content":"<span style=\"font-family: georgia,palatino;\"><span style=\"color: #000000;\"><span lang=\"EN-US\">9th European Congress of the International Association of Gerontology and Geriatrics, European Region, is held this week <\/span><span lang=\"EN-US\">23<sup><span style=\"font-size: small;\">rd<\/span><\/sup> \u2013 25<sup><span style=\"font-size: small;\">th<\/span><\/sup> May<\/span><span lang=\"EN-US\"> in Gothenburg. 27 researchers from the Gerontology Research Center, GEREC, both from the University of Jyv\u00e4skyl\u00e4 and Tampere University are heading to Sweden to <\/span><span lang=\"EN-US\">present and share their newest research findings. <\/span><\/span><\/span>\r\n\r\n<span style=\"font-family: georgia,palatino;\"><span style=\"color: #000000;\"><span lang=\"EN-US\">The theme of the multidisciplinary congress is \u201cTowards Capability in Ageing \u2013 from cell to\u00a0<\/span><span lang=\"EN-GB\">society<\/span><span lang=\"EN-US\">\u201c<\/span><span lang=\"EN-GB\">.<\/span> <span lang=\"EN-US\">More than 1600 scientists and clinicians from approx. 60 countries worldwide are participating the congress.<\/span><\/span><\/span>\r\n\r\n<span style=\"font-family: georgia,palatino;\"><span style=\"color: #000000;\"><span lang=\"EN-US\">GEREC-researchers will have in total 14 oral presentations, 16 posters, five oral poster posters, two researchers chairing a symposium and two chairing a session. In addition, GEREC is having a booth no. <\/span><span lang=\"EN-US\">H01:13 <\/span><span lang=\"EN-US\">at the exhibition. Welcome to meet and visit us!<\/span><\/span><\/span>\r\n\r\n<a href=\"https:\/\/iagger2019.se\/\" target=\"_blank\" rel=\"noopener noreferrer\">Homepage of the congress<\/a>\r\n<span style=\"font-family: georgia,palatino;\"><span style=\"color: #000000;\">#IAGGER2019<\/span><\/span>\r\n<h3><strong><a href=\"https:\/\/www.gerec.fi\/wp-content\/uploads\/2019\/05\/IAGG-ER_2019_GEREC_presentations_1.pdf\" target=\"_blank\" rel=\"noopener noreferrer\">IAGG-ER 2019, GEREC presentations<\/a> <\/strong>(pdf)<\/h3>\r\n<h1><\/h1>\r\n&nbsp;","_en_post_name":"large-amount-of-gerec-researchers-is-heading-to-the-iagg-er-2019-congress-to-gothenburg","_en_post_excerpt":"","_en_post_title":"Large amount of GEREC-researchers is heading to the IAGG-ER 2019 congress to Gothenburg","edit_language":"en","footnotes":""},"categories":[131],"tags":[],"class_list":["post-6905","post","type-post","status-publish","format-standard","hentry","category-tapahtumat","entry","no-media"],"_links":{"self":[{"href":"https:\/\/www.gerec.fi\/en\/wp-json\/wp\/v2\/posts\/6905","targetHints":{"allow":["GET"]}}],"collection":[{"href":"https:\/\/www.gerec.fi\/en\/wp-json\/wp\/v2\/posts"}],"about":[{"href":"https:\/\/www.gerec.fi\/en\/wp-json\/wp\/v2\/types\/post"}],"author":[{"embeddable":true,"href":"https:\/\/www.gerec.fi\/en\/wp-json\/wp\/v2\/users\/3"}],"replies":[{"embeddable":true,"href":"https:\/\/www.gerec.fi\/en\/wp-json\/wp\/v2\/comments?post=6905"}],"version-history":[{"count":8,"href":"https:\/\/www.gerec.fi\/en\/wp-json\/wp\/v2\/posts\/6905\/revisions"}],"predecessor-version":[{"id":6917,"href":"https:\/\/www.gerec.fi\/en\/wp-json\/wp\/v2\/posts\/6905\/revisions\/6917"}],"wp:attachment":[{"href":"https:\/\/www.gerec.fi\/en\/wp-json\/wp\/v2\/media?parent=6905"}],"wp:term":[{"taxonomy":"category","embeddable":true,"href":"https:\/\/www.gerec.fi\/en\/wp-json\/wp\/v2\/categories?post=6905"},{"taxonomy":"post_tag","embeddable":true,"href":"https:\/\/www.gerec.fi\/en\/wp-json\/wp\/v2\/tags?post=6905"}],"curies":[{"name":"wp","href":"https:\/\/api.w.org\/{rel}","templated":true}]}}