{"id":6666,"date":"2019-04-01T12:18:23","date_gmt":"2019-04-01T09:18:23","guid":{"rendered":"https:\/\/www.gerec.fi\/?p=6666"},"modified":"2019-04-01T12:18:23","modified_gmt":"2019-04-01T09:18:23","slug":"","status":"publish","type":"post","link":"https:\/\/www.gerec.fi\/en\/vaalikeskustelu-vanhuuspolitiikasta-ja-palveluista-tampereella\/","title":{"rendered":"","raw":""},"content":{"rendered":"","protected":false,"raw":""},"excerpt":{"rendered":"Mit\u00e4 eduskunta voi tehd\u00e4 hyv\u00e4n vanhuuden turvaamiseksi? Gerontologian tutkimuskeskus ja\u00a0Tampereen Naisyhdistys\u00a0j\u00e4rjest\u00e4v\u00e4t vaalikeskustelun vanhuuspolitiikasta ja palveluista Tampereella 4.4.2019. Tentattavana ovat pirkanmaalaiset eduskuntavaaliehdokkaat Hanna Holma (kesk.), Leena Kostiainen (kok), Leena Mankkinen (sdp), Sonja Koto (vihr.), Mikko Aaltonen (vas.), Tarja Ahonen (sin.), Sirpa&hellip;","protected":false,"raw":""},"author":3,"featured_media":0,"comment_status":"closed","ping_status":"closed","sticky":false,"template":"","format":"standard","meta":{"_mi_skip_tracking":false,"_fi_post_content":"<span style=\"font-size: 21px;\"><strong>Mit\u00e4 eduskunta voi tehd\u00e4 hyv\u00e4n vanhuuden turvaamiseksi?<\/strong><\/span>\r\n\r\nGerontologian tutkimuskeskus ja\u00a0<a id=\"LPlnk178525\" class=\"OWAAutoLink\" href=\"https:\/\/www.lahdensivunkoti.fi\/tietoa-yhdistyksesta\/\">Tampereen Naisyhdistys<\/a>\u00a0j\u00e4rjest\u00e4v\u00e4t vaalikeskustelun vanhuuspolitiikasta ja palveluista Tampereella 4.4.2019.\r\n\r\nTentattavana ovat pirkanmaalaiset eduskuntavaaliehdokkaat Hanna Holma (kesk.), Leena Kostiainen (kok), Leena Mankkinen (sdp), Sonja Koto (vihr.), Mikko Aaltonen (vas.), Tarja Ahonen (sin.), Sirpa Pursiainen (kd), ja Erika Veltheim (ps).\r\n\r\nKeskustelun vet\u00e4jin\u00e4 toimivat professori Marja Jylh\u00e4 Tampereen Yliopistosta ja Gerontologian tutkimuskeskuksesta ja Kirsi Lumme-Sandt Tampereen Naisyhdistyksest\u00e4.\r\n\r\nMiss\u00e4?\u00a0<a id=\"LPlnk68263\" class=\"OWAAutoLink\" href=\"https:\/\/www.lahdensivunkoti.fi\/\">Lahdensivun kodilla<\/a>\u00a0Ruotulassa, Jaakonm\u00e4enkatu 5 33560 Tampere\r\nMilloin?\u00a0Torstaina 4.4. klo 18\r\n\r\nTilaisuudessa on kahvitarjoilu, tervetuloa!\r\n\r\nLis\u00e4tietoja: Kirsi Lumme-Sandt, p. 040 190 1606\r\n\r\n&nbsp;","_fi_post_name":"vaalikeskustelu-vanhuuspolitiikasta-ja-palveluista-tampereella","_fi_post_excerpt":"","_fi_post_title":"Vaalikeskustelu vanhuuspolitiikasta ja palveluista Tampereella","_en_post_content":"","_en_post_name":"","_en_post_excerpt":"","_en_post_title":"","edit_language":"en","footnotes":""},"categories":[131],"tags":[],"class_list":["post-6666","post","type-post","status-publish","format-standard","hentry","category-tapahtumat","entry","no-media"],"_links":{"self":[{"href":"https:\/\/www.gerec.fi\/en\/wp-json\/wp\/v2\/posts\/6666","targetHints":{"allow":["GET"]}}],"collection":[{"href":"https:\/\/www.gerec.fi\/en\/wp-json\/wp\/v2\/posts"}],"about":[{"href":"https:\/\/www.gerec.fi\/en\/wp-json\/wp\/v2\/types\/post"}],"author":[{"embeddable":true,"href":"https:\/\/www.gerec.fi\/en\/wp-json\/wp\/v2\/users\/3"}],"replies":[{"embeddable":true,"href":"https:\/\/www.gerec.fi\/en\/wp-json\/wp\/v2\/comments?post=6666"}],"version-history":[{"count":6,"href":"https:\/\/www.gerec.fi\/en\/wp-json\/wp\/v2\/posts\/6666\/revisions"}],"predecessor-version":[{"id":6672,"href":"https:\/\/www.gerec.fi\/en\/wp-json\/wp\/v2\/posts\/6666\/revisions\/6672"}],"wp:attachment":[{"href":"https:\/\/www.gerec.fi\/en\/wp-json\/wp\/v2\/media?parent=6666"}],"wp:term":[{"taxonomy":"category","embeddable":true,"href":"https:\/\/www.gerec.fi\/en\/wp-json\/wp\/v2\/categories?post=6666"},{"taxonomy":"post_tag","embeddable":true,"href":"https:\/\/www.gerec.fi\/en\/wp-json\/wp\/v2\/tags?post=6666"}],"curies":[{"name":"wp","href":"https:\/\/api.w.org\/{rel}","templated":true}]}}