{"id":6039,"date":"2019-02-04T04:57:46","date_gmt":"2019-02-04T02:57:46","guid":{"rendered":"https:\/\/gerec.fi\/?p=6039"},"modified":"2019-02-04T04:57:46","modified_gmt":"2019-02-04T02:57:46","slug":"","status":"publish","type":"post","link":"https:\/\/www.gerec.fi\/en\/ikaantyminen-tampereella-tuloksia-t60-ja-tervaskannot-90-tutkimuksista-2\/","title":{"rendered":"","raw":""},"content":{"rendered":"","protected":false,"raw":""},"excerpt":{"rendered":"Tervetuloa kuuntelemaan ja keskustelemaan tamperelaisten ik\u00e4\u00e4ntymisest\u00e4 Kulttuuritalo Laikun Musiikkisaliin! Tampereen yliopiston ja Gerontologian tutkimuskeskus GERECin ik\u00e4\u00e4ntymisen ja vanhuuden tutkijat kertovat perjantaina 9.11. klo 12 T60- ja Tervaskannot 90+ -tutkimusten tuoreista tuloksista. Tilaisuuteen on vapaa ja esteet\u00f6n p\u00e4\u00e4sy! Milloin 09.11.2018 alkaa&hellip;","protected":false,"raw":""},"author":1,"featured_media":0,"comment_status":"open","ping_status":"open","sticky":false,"template":"","format":"standard","meta":{"_mi_skip_tracking":false,"_fi_post_content":"<div id=\"parent-fieldname-description\" class=\"documentDescription\">Tervetuloa kuuntelemaan ja keskustelemaan tamperelaisten ik\u00e4\u00e4ntymisest\u00e4 Kulttuuritalo Laikun Musiikkisaliin! Tampereen yliopiston ja Gerontologian tutkimuskeskus GERECin ik\u00e4\u00e4ntymisen ja vanhuuden tutkijat kertovat perjantaina 9.11. klo 12 T60- ja Tervaskannot 90+ -tutkimusten tuoreista tuloksista. Tilaisuuteen on vapaa ja esteet\u00f6n p\u00e4\u00e4sy!<\/div>\r\n<div id=\"viewlet-above-content-body\"><\/div>\r\n<div id=\"content-core\">\r\n<div class=\"eventDetails vcard\">\r\n<table class=\"vertical listing\" summary=\"Tapahtuman tiedot\">\r\n<tbody>\r\n<tr class=\"odd\">\r\n<th>Milloin<\/th>\r\n<td>09.11.2018\r\nalkaa <abbr id=\"parent-fieldname-startDate\" class=\" dtstart\" title=\"2018-11-09T12:00:00+02:00\"><span class=\"explain\">12.00<\/span> <\/abbr>loppuu <abbr id=\"parent-fieldname-endDate\" class=\" dtend\" title=\"2018-11-09T14:00:00+02:00\"><span class=\"explain\">14.00<\/span><\/abbr><\/td>\r\n<\/tr>\r\n<tr class=\"even\">\r\n<th>Miss\u00e4<\/th>\r\n<td class=\"location\"><span id=\"parent-fieldname-location-22f2ec55e223404da8b06f71f2d2e77f\" class=\"\">Kulttuuritalo Laikku, Keskustori 4, 33100 Tampere<\/span><\/td>\r\n<\/tr>\r\n<tr class=\"odd\">\r\n<th>Yhteyshenkil\u00f6n nimi<\/th>\r\n<td><a class=\"email fn\" href=\"mailto:suvi.laakso@uta.fi\">Suvi Laakso<\/a><\/td>\r\n<\/tr>\r\n<tr class=\"even\">\r\n<th>Yhteyshenkil\u00f6n puhelinnumero<\/th>\r\n<td class=\"tel\"><span id=\"parent-fieldname-contactPhone-22f2ec55e223404da8b06f71f2d2e77f\" class=\"\">050 437 7587<\/span><\/td>\r\n<\/tr>\r\n<tr class=\"odd\">\r\n<th>Lis\u00e4\u00e4 tapahtuma kalenteriin<\/th>\r\n<td><a title=\"Lis\u00e4\u00e4 vCal-kalenteriisi\" href=\"http:\/\/www.gerec.fi\/ajankohtaista\/ikaantyminen-tampereella-2013-tuloksia-t60-ja-tervaskannot-90-tutkimuksista\/vcs_view\"><img title=\"vCal export\" src=\"http:\/\/www.gerec.fi\/icon_export_vcal.png\" alt=\"\" width=\"16\" height=\"16\" \/>vCal<\/a>\r\n<a title=\"Lis\u00e4\u00e4 iCal-kalenteriisi\" href=\"http:\/\/www.gerec.fi\/ajankohtaista\/ikaantyminen-tampereella-2013-tuloksia-t60-ja-tervaskannot-90-tutkimuksista\/ics_view\"><img title=\"iCal export\" src=\"http:\/\/www.gerec.fi\/icon_export_ical.png\" alt=\"\" width=\"16\" height=\"16\" \/>iCal<\/a><\/td>\r\n<\/tr>\r\n<\/tbody>\r\n<\/table>\r\n<\/div>\r\n<div id=\"parent-fieldname-text-22f2ec55e223404da8b06f71f2d2e77f\" class=\"\">\r\n\r\nOHJELMA\r\n<strong>Marja Jylh\u00e4<\/strong>: Tervetuloa\r\n<strong>Johanna Surakka<\/strong> ja <strong>Kirsi Lumme-Sandt<\/strong>: Kuusikymppisen\u00e4 Tampereella\r\n<strong>Marja Jylh\u00e4<\/strong>: Kuinka voivat yli 90-vuotiaat tamperelaiset?\r\n<strong>Linda Enroth<\/strong> ja <strong>Jutta Pulkki<\/strong>: Terveys, turvallisuus ja asuminen tervaskantojen ja heid\u00e4n l\u00e4heistens\u00e4 silmin\r\n\r\n<em>Vuonna 2017 k\u00e4ynnistyneess\u00e4 Kuusikymppisen\u00e4 100-vuotiaassa Suomessa -tutkimuksessa tarkastellaan kuusikymppisten tamperelaisten el\u00e4m\u00e4ntilannetta ja siin\u00e4 tapahtuneita muutoksia. Pitk\u00e4\u00e4n jatkuneessa yli 90-vuotiaiden el\u00e4m\u00e4ntilanteeseen ja terveyteen kohdistuvassa Tervaskannot 90+ -tutkimushankkeessa puolestaan toteutettiin uusi kysely kev\u00e4\u00e4ll\u00e4 2018, ja nyt esitell\u00e4\u00e4n sen ensimm\u00e4isi\u00e4 tuloksia.<\/em>\r\n\r\nJ\u00e4rjest\u00e4j\u00e4t: Tampereen yliopiston yhteiskuntatieteiden tiedekunta ja Gerontologian tutkimuskeskus GEREC\r\n\r\nLis\u00e4tietoja: Suvi Laakso, 050 437 7587, <a href=\"mailto:suvi.laakso@uta.fi\">suvi.laakso@uta.fi<\/a>\r\n\r\n<\/div>\r\n<a id=\"parent-fieldname-eventUrl\" class=\"url\" href=\"https:\/\/www.laikku.fi\/tapahtuma\/2018-11-09\/IKaaNTYMINEN-TAMPEREELLA--TULOKSIA-T60-JA-TERVASKANNOT-90--TUTKIMUKSISTA\">Lis\u00e4tietoja t\u00e4st\u00e4 tapahtumasta...<\/a>\r\n\r\n<\/div>","_fi_post_name":"ikaantyminen-tampereella-tuloksia-t60-ja-tervaskannot-90-tutkimuksista-2","_fi_post_excerpt":"","_fi_post_title":"Ik\u00e4\u00e4ntyminen Tampereella: tuloksia T60- ja Tervaskannot 90+ -tutkimuksista","_en_post_content":"","_en_post_name":"","_en_post_excerpt":"","_en_post_title":"","edit_language":"en","footnotes":""},"categories":[131],"tags":[],"class_list":["post-6039","post","type-post","status-publish","format-standard","hentry","category-tapahtumat","entry","no-media"],"_links":{"self":[{"href":"https:\/\/www.gerec.fi\/en\/wp-json\/wp\/v2\/posts\/6039","targetHints":{"allow":["GET"]}}],"collection":[{"href":"https:\/\/www.gerec.fi\/en\/wp-json\/wp\/v2\/posts"}],"about":[{"href":"https:\/\/www.gerec.fi\/en\/wp-json\/wp\/v2\/types\/post"}],"author":[{"embeddable":true,"href":"https:\/\/www.gerec.fi\/en\/wp-json\/wp\/v2\/users\/1"}],"replies":[{"embeddable":true,"href":"https:\/\/www.gerec.fi\/en\/wp-json\/wp\/v2\/comments?post=6039"}],"version-history":[{"count":2,"href":"https:\/\/www.gerec.fi\/en\/wp-json\/wp\/v2\/posts\/6039\/revisions"}],"predecessor-version":[{"id":6315,"href":"https:\/\/www.gerec.fi\/en\/wp-json\/wp\/v2\/posts\/6039\/revisions\/6315"}],"wp:attachment":[{"href":"https:\/\/www.gerec.fi\/en\/wp-json\/wp\/v2\/media?parent=6039"}],"wp:term":[{"taxonomy":"category","embeddable":true,"href":"https:\/\/www.gerec.fi\/en\/wp-json\/wp\/v2\/categories?post=6039"},{"taxonomy":"post_tag","embeddable":true,"href":"https:\/\/www.gerec.fi\/en\/wp-json\/wp\/v2\/tags?post=6039"}],"curies":[{"name":"wp","href":"https:\/\/api.w.org\/{rel}","templated":true}]}}