{"id":6037,"date":"2019-02-04T04:56:25","date_gmt":"2019-02-04T02:56:25","guid":{"rendered":"https:\/\/gerec.fi\/?p=6037"},"modified":"2019-02-04T04:56:25","modified_gmt":"2019-02-04T02:56:25","slug":"","status":"publish","type":"post","link":"https:\/\/www.gerec.fi\/en\/mita-on-ikaantyvan-ihmisen-hyvinvointi-keskustelutilaisuus-uudesta-tutkimuksesta-2\/","title":{"rendered":"","raw":""},"content":{"rendered":"","protected":false,"raw":""},"excerpt":{"rendered":"Tervetuloa keskustelemaan hyvinvoinnista! Milloin 20.11.2018 alkaa 13.00 loppuu 15.00 Miss\u00e4 Kulttuuritalo Laikku, Keskustori 4, 33100 Tampere Yhteyshenkil\u00f6n nimi Katariina Tuominen Yhteyshenkil\u00f6n puhelinnumero 050 437 7524 Lis\u00e4\u00e4 tapahtuma kalenteriin vCal iCal Kaikille avoimessa ja maksuttomassa tilaisuudessa esitell\u00e4\u00e4n Tampereen yliopiston uutta\u00a0Vanheneminen ja&hellip;","protected":false,"raw":""},"author":1,"featured_media":0,"comment_status":"open","ping_status":"open","sticky":false,"template":"","format":"standard","meta":{"_mi_skip_tracking":false,"_fi_post_content":"<div id=\"parent-fieldname-description\" class=\"documentDescription\">Tervetuloa keskustelemaan hyvinvoinnista!<\/div>\r\n<div id=\"viewlet-above-content-body\"><\/div>\r\n<div id=\"content-core\">\r\n<div class=\"eventDetails vcard\">\r\n<table class=\"vertical listing\" summary=\"Tapahtuman tiedot\">\r\n<tbody>\r\n<tr class=\"odd\">\r\n<th>Milloin<\/th>\r\n<td>20.11.2018\r\nalkaa <abbr id=\"parent-fieldname-startDate\" class=\" dtstart\" title=\"2018-11-20T13:00:00+02:00\"><span class=\"explain\">13.00<\/span> <\/abbr>loppuu <abbr id=\"parent-fieldname-endDate\" class=\" dtend\" title=\"2018-11-20T15:00:00+02:00\"><span class=\"explain\">15.00<\/span><\/abbr><\/td>\r\n<\/tr>\r\n<tr class=\"even\">\r\n<th>Miss\u00e4<\/th>\r\n<td class=\"location\"><span id=\"parent-fieldname-location-9247da03a63140c2879145f6542220d8\" class=\"\">Kulttuuritalo Laikku, Keskustori 4, 33100 Tampere<\/span><\/td>\r\n<\/tr>\r\n<tr class=\"odd\">\r\n<th>Yhteyshenkil\u00f6n nimi<\/th>\r\n<td><a class=\"email fn\" href=\"mailto:katariina.tuominen@uta.fi\">Katariina Tuominen<\/a><\/td>\r\n<\/tr>\r\n<tr class=\"even\">\r\n<th>Yhteyshenkil\u00f6n puhelinnumero<\/th>\r\n<td class=\"tel\"><span id=\"parent-fieldname-contactPhone-9247da03a63140c2879145f6542220d8\" class=\"\">050 437 7524<\/span><\/td>\r\n<\/tr>\r\n<tr class=\"odd\">\r\n<th>Lis\u00e4\u00e4 tapahtuma kalenteriin<\/th>\r\n<td><a title=\"Lis\u00e4\u00e4 vCal-kalenteriisi\" href=\"http:\/\/www.gerec.fi\/ajankohtaista\/mita-on-ikaantyvan-ihmisen-hyvinvointi-keskustelutilaisuus-uudesta-tutkimuksesta\/vcs_view\"><img title=\"vCal export\" src=\"http:\/\/www.gerec.fi\/icon_export_vcal.png\" alt=\"\" width=\"16\" height=\"16\" \/>vCal<\/a>\r\n<a title=\"Lis\u00e4\u00e4 iCal-kalenteriisi\" href=\"http:\/\/www.gerec.fi\/ajankohtaista\/mita-on-ikaantyvan-ihmisen-hyvinvointi-keskustelutilaisuus-uudesta-tutkimuksesta\/ics_view\"><img title=\"iCal export\" src=\"http:\/\/www.gerec.fi\/icon_export_ical.png\" alt=\"\" width=\"16\" height=\"16\" \/>iCal<\/a><\/td>\r\n<\/tr>\r\n<\/tbody>\r\n<\/table>\r\n<\/div>\r\n<div id=\"parent-fieldname-text-9247da03a63140c2879145f6542220d8\" class=\"\">\r\n\r\nKaikille avoimessa ja maksuttomassa tilaisuudessa esitell\u00e4\u00e4n Tampereen yliopiston uutta\u00a0<a href=\"https:\/\/research.uta.fi\/sowell\/\" target=\"_blank\" rel=\"noopener\"><strong>Vanheneminen ja sosiaalinen hyvinvointi<\/strong>(<strong>SoWell<\/strong>) -tutkimushanketta<\/a> ja keskustellaan yhdess\u00e4 siit\u00e4, mit\u00e4 ik\u00e4\u00e4ntyv\u00e4n ihmisen hyvinvointi on. Tule kuulemaan, millaista tutkimusta teemme ja kerro, mit\u00e4 asioita meid\u00e4n tulee tutkimuksessamme huomioida.\r\n\r\nTutkimusta esittelev\u00e4t tutkimusryhm\u00e4n j\u00e4senet dosentti <strong>Outi Jolanki<\/strong>, tutkijatohtori <strong>Jari Pirhonen<\/strong> ja v\u00e4it\u00f6skirjatutkija <strong>Katariina Tuominen<\/strong>.\r\n\r\n<strong>J\u00e4rjest\u00e4j\u00e4t:<\/strong> Tampereen yliopiston yhteiskuntatieteiden tiedekunta ja Gerontologian tutkimuskeskus GEREC\r\n\r\n<strong>Lis\u00e4tietoja:<\/strong> Katariina Tuominen 050 437 7524 \/ katariina.tuominen@uta.fi\r\n\r\nTilaisuuteen on vapaa ja esteet\u00f6n p\u00e4\u00e4sy!\r\n\r\n<\/div>\r\n<a id=\"parent-fieldname-eventUrl\" class=\"url\" href=\"https:\/\/www.uta.fi\/ajankohtaista\/tapahtumat\/mita-ikaantyvan-ihmisen-hyvinvointi\">Lis\u00e4tietoja t\u00e4st\u00e4 tapahtumasta...<\/a>\r\n\r\n<\/div>","_fi_post_name":"mita-on-ikaantyvan-ihmisen-hyvinvointi-keskustelutilaisuus-uudesta-tutkimuksesta-2","_fi_post_excerpt":"","_fi_post_title":"Mit\u00e4 on ik\u00e4\u00e4ntyv\u00e4n ihmisen hyvinvointi? Keskustelutilaisuus uudesta tutkimuksesta","_en_post_content":"","_en_post_name":"","_en_post_excerpt":"","_en_post_title":"","edit_language":"en","footnotes":""},"categories":[131],"tags":[],"class_list":["post-6037","post","type-post","status-publish","format-standard","hentry","category-tapahtumat","entry","no-media"],"_links":{"self":[{"href":"https:\/\/www.gerec.fi\/en\/wp-json\/wp\/v2\/posts\/6037","targetHints":{"allow":["GET"]}}],"collection":[{"href":"https:\/\/www.gerec.fi\/en\/wp-json\/wp\/v2\/posts"}],"about":[{"href":"https:\/\/www.gerec.fi\/en\/wp-json\/wp\/v2\/types\/post"}],"author":[{"embeddable":true,"href":"https:\/\/www.gerec.fi\/en\/wp-json\/wp\/v2\/users\/1"}],"replies":[{"embeddable":true,"href":"https:\/\/www.gerec.fi\/en\/wp-json\/wp\/v2\/comments?post=6037"}],"version-history":[{"count":1,"href":"https:\/\/www.gerec.fi\/en\/wp-json\/wp\/v2\/posts\/6037\/revisions"}],"predecessor-version":[{"id":6038,"href":"https:\/\/www.gerec.fi\/en\/wp-json\/wp\/v2\/posts\/6037\/revisions\/6038"}],"wp:attachment":[{"href":"https:\/\/www.gerec.fi\/en\/wp-json\/wp\/v2\/media?parent=6037"}],"wp:term":[{"taxonomy":"category","embeddable":true,"href":"https:\/\/www.gerec.fi\/en\/wp-json\/wp\/v2\/categories?post=6037"},{"taxonomy":"post_tag","embeddable":true,"href":"https:\/\/www.gerec.fi\/en\/wp-json\/wp\/v2\/tags?post=6037"}],"curies":[{"name":"wp","href":"https:\/\/api.w.org\/{rel}","templated":true}]}}