{"id":6035,"date":"2019-02-04T04:55:46","date_gmt":"2019-02-04T02:55:46","guid":{"rendered":"https:\/\/gerec.fi\/?p=6035"},"modified":"2019-02-04T04:55:46","modified_gmt":"2019-02-04T02:55:46","slug":"","status":"publish","type":"post","link":"https:\/\/www.gerec.fi\/en\/gerecin-tutkijat-osallistuvat-talla-viikolla-aktiivisesti-alan-kansainvalisiin-ja-kansallisiin-tapahtumiin-2\/","title":{"rendered":"","raw":""},"content":{"rendered":"","protected":false,"raw":""},"excerpt":{"rendered":"Bostonissa 14.-18.11.2018 j\u00e4rjestett\u00e4v\u00e4\u00e4n Amerikan gerontologiayhdistyksen kongressiin osallistuu seitsem\u00e4n GERECin tutkijaa Jyv\u00e4skyl\u00e4st\u00e4 ja Tampereelta. Bostonissa esitell\u00e4\u00e4n mm. ensimm\u00e4isi\u00e4 Agnes-tutkimuksen tuloksia, tuoretta tutkimusta sosioekonomisista terveyseroista 75+ -vuotiailla Pohjoismaissa sek\u00e4 itse arvioidun terveyden biologisesta perustasta. Yhdeks\u00e4n GEREC-tutkijaa suuntaa Helsinkiin Liikuntal\u00e4\u00e4ketieteen p\u00e4iville 14.-15.11., ja&hellip;","protected":false,"raw":""},"author":1,"featured_media":0,"comment_status":"open","ping_status":"open","sticky":false,"template":"","format":"standard","meta":{"_mi_skip_tracking":false,"_fi_post_content":"<div id=\"parent-fieldname-description\" class=\"documentDescription\">Bostonissa 14.-18.11.2018 j\u00e4rjestett\u00e4v\u00e4\u00e4n Amerikan gerontologiayhdistyksen kongressiin osallistuu seitsem\u00e4n GERECin tutkijaa Jyv\u00e4skyl\u00e4st\u00e4 ja Tampereelta. Bostonissa esitell\u00e4\u00e4n mm. ensimm\u00e4isi\u00e4 Agnes-tutkimuksen tuloksia, tuoretta tutkimusta sosioekonomisista terveyseroista 75+ -vuotiailla Pohjoismaissa sek\u00e4 itse arvioidun terveyden biologisesta perustasta. Yhdeks\u00e4n GEREC-tutkijaa suuntaa Helsinkiin Liikuntal\u00e4\u00e4ketieteen p\u00e4iville 14.-15.11., ja siell\u00e4 esill\u00e4 ovat erityisesti ERMA-tutkimuksen tulokset.<\/div>\r\n<div id=\"viewlet-above-content-body\"><\/div>\r\n<div id=\"content-core\">\r\n<div class=\"newsImageContainer\"><a id=\"parent-fieldname-image\" href=\"http:\/\/www.gerec.fi\/ajankohtaista\/gerecin-tutkijat-osallistuvat-talla-viikolla-aktiivisesti-alan-kansainvalisiin-ja-kansallisiin-tapahtumiin\/image\/image_view_fullscreen\"><img class=\"newsImage\" title=\"Milla Saajanaho, Linda Enroth ja Tiia Kek\u00e4l\u00e4inen\" src=\"http:\/\/www.gerec.fi\/ajankohtaista\/gerecin-tutkijat-osallistuvat-talla-viikolla-aktiivisesti-alan-kansainvalisiin-ja-kansallisiin-tapahtumiin\/image_mini\" alt=\"GERECin tutkijat osallistuvat t\u00e4ll\u00e4 viikolla aktiivisesti alan kansainv\u00e4lisiin ja kansallisiin tapahtumiin\" width=\"200\" height=\"150\" \/><\/a>\r\n<p class=\"discreet\"><span id=\"parent-fieldname-imageCaption-ff8db5f2e8f1429c85c91620ec1de047\" class=\"\">Milla Saajanaho, Linda Enroth ja Tiia Kek\u00e4l\u00e4inen<\/span><\/p>\r\n\r\n<\/div>\r\n<div id=\"parent-fieldname-text\" class=\"plain\">\r\n\r\n&nbsp;\r\n\r\n<b>Lue lis\u00e4\u00e4 tapahtumista:<\/b>\r\n\r\n<a class=\"external-link\" href=\"http:\/\/www.geron.org\/meetings-events\/gsa-2018-annual-scientific-meeting\" target=\"_blank\" rel=\"noopener\">GSA 2018 Annual Scientific Meeting<\/a>\r\n\r\n<a class=\"external-link\" href=\"http:\/\/www.lts.fi\/liikuntalaaketiede\/liikuntalaaketieteen-paivat-2018\" target=\"_blank\" rel=\"noopener\">Liikuntal\u00e4\u00e4ketieteen p\u00e4iv\u00e4t\r\n<\/a>\r\n\r\nSeuraa tapahtumia somessa tunnisteilla <b>#GSA18 <\/b>ja<b> #LLTP2018<\/b>!\r\n\r\n&nbsp;\r\n<h3><b>GSA Annual Meeting, Boston, USA<\/b><\/h3>\r\n<a class=\"external-link\" href=\"https:\/\/www.geron.org\/images\/gsa\/2018asm\/documents\/gsa2018programbook.pdf\" target=\"_blank\" rel=\"noopener\">Kongressin ohjelmakirja<\/a><b>\r\n<\/b>\r\n\r\n14.11.2018 <b>Tiia Kek\u00e4l\u00e4inen <\/b>\u201cT. Kek\u00e4l\u00e4inen, A.M. Freund, S. Sipil\u00e4, K. Kokko: Cross-sectional and longitudinal associations between leisure time physical activity and subjective well-being in middle adulthood\u201d. Suullinen esitys \/ Lapsesta aikuiseksi -aineisto.\r\n\r\n14.11.2018 <b>Linda Enroth<\/b> \u201cLinda Enroth,\u00a0Nilsson CJ, Veenstra M, Aartsen M, Kj\u00e6r AA, Fors S:\u00a0Education Determines Health and Functioning Among the Oldest Old in Nordic Countries\u201d. Suullinen esitys \/ <span dir=\"ltr\">DLSA, NorLAG, SWEOLD ja<\/span> Tervaskannot 90+ -aineistot \/ SIA-projekti.\r\n\r\n15.11.2018 <b>Sini Siltanen <\/b>\u201cFlexible and Tenacious Goal Pursuit in Relation to Outdoor Mobility in Old Age\u201d. Posteri \/ MIIA-aineisto.\r\n\r\n15.11.2018 <b>Anu Tourunen<\/b> \"Do Flexible and Tenacious Goal Pursuit Alleviate the Influences of Functional Decline to Activity Participation?\" Posteri \/ MIIA-aineisto.\r\n\r\n16.11.2018 <b>Marja Jylh\u00e4<\/b> \u201dMarja Jylh\u00e4, Laura Kananen, Linda Enroth, Mikko A. Hurme: Biological basis of self-rated health \u2013 associations with biomarkers\u201d. Suullinen esitys \/ <span dir=\"ltr\">MARKage, Terveys 2000 ja CAMB -aineistot.\r\n<\/span>\r\n\r\n17.11.2018 <b>Milla Saajanaho <\/b>\u201cHealth and Physical Functioning as Determinants of Purpose in Life in Old Age\u201d. Posteri \/ Agnes-aineisto.\r\n\r\n17.11.2018 <b>Timo Rantalainen <\/b>\u201cFree-Living and Laboratory-Based Gait Assessments Provide Congruent Results Among 75-Year-Old Men and Women\u201d. Posteri \/ Agnes-aineisto.<b><\/b>\r\n\r\n&nbsp;\r\n<h3><b>Liikuntal\u00e4\u00e4ketieteen p\u00e4iv\u00e4t, Helsinki <\/b><\/h3>\r\n<a class=\"external-link\" href=\"https:\/\/fl-cdn.scdn1.secure.raxcdn.com\/files\/sites\/4708\/lltp18-abstraktit-l-t-5-18-6546e132-b648-4d92-894b-4cedad9d43a2.pdf\" target=\"_blank\" rel=\"noopener\">Liikunta &amp; Tiede -lehden abstraktiliite<\/a>\r\n\r\n14.11.2018 <b>Eija Laakkonen<\/b> Estrogeenia tarvitaan lihasten kantasolujen yll\u00e4pitoon. E-posteri \/ ERMA-projekti.\r\n\r\n14.11.2018 <b>Sira Karvinen<\/b> Vapaa-ajan liikunnan m\u00e4\u00e4r\u00e4 ja vaihdevuosivaihe ovat yhteydess\u00e4 syd\u00e4n- ja verisuonitautien riskitekij\u00f6iden muutoksiin terveill\u00e4, keski-ik\u00e4isill\u00e4 naisilla. E-posteri \/ ERMA-projekti.\r\n\r\n14.11.2018 <b>Jari Karppinen<\/b> Levon- ja liikunnanaikaisen rasvanhapetuksen yhteys perim\u00e4\u00e4n, liikunta-aktiivisuuteen ja aineenvaihdunnalliseen terveyteen: identtisten kaksosten tutkimus\u201d. E-posteri \/ FITFATTWIN-tutkimus.\r\n\r\n14.11.2018 <b>Matti Hyv\u00e4rinen<\/b> 7-portainen liikuntakysymys ja sen yhteys fyysiseen aktiivisuuteen sek\u00e4 fyysiseen suorituskykyyn keski-ik\u00e4isill\u00e4 naisilla. E-posteri \/ ERMA-projekti.\r\n\r\n14.11.2018 <b>Hanna-Kaarina Juppi<\/b> Vaihdevuosien siirtym\u00e4vaihe ei indusoi lihassolujen koon tai tyypin muutoksia, mutta vaikuttaa kehon rasvan kertymiseen. E-posteri \/ EsmiRs-projekti.\r\n\r\n14.11.2018 <b>Enni-Maria Hietavala<\/b> Keski-ik\u00e4isten naisten ruokailutottumusten ja fyysisen aktiivisuuden yhteys viskeraalirasvan m\u00e4\u00e4r\u00e4\u00e4n. E-posteri \/ ERMA-projekti.\r\n\r\n14.11.2018 <b>Johanna Eronen <\/b>I\u00e4kk\u00e4iden ihmisten terveyden lukutaidon yhteys fyysiseen aktiivisuuteen ja toimintakykyyn. E-posteri \/ Agnes-projekti.\r\n\r\n14.11.2018 <b>Kaisa Kokko<\/b> Lihasvoima ja k\u00e4velynopeus i\u00e4kk\u00e4iden ihmisten fyysisen resilienssin kuvaajina. E-posteri.\r\n\r\n&nbsp;\r\n\r\nLue lis\u00e4\u00e4 k\u00e4ynniss\u00e4 olevista tutkimusprojekteista:\r\n\r\n<a class=\"internal-link\" href=\"http:\/\/www.gerec.fi\/tutkimus\/aktiivisena-vanheneminen\/copy_of_agnes\/agnes-tutkii-aktiivista-ikaantymista\" target=\"_blank\" rel=\"noopener\">Agnes<\/a>\r\n\r\n<a class=\"external-link\" href=\"http:\/\/www.gerec.fi\/tutkimus\/biology-of-aging\/estrogeenin-yhteydet-naisten-lihaksiston-ikaantymismuutoksiin-erma-tutkimus\" target=\"_blank\" rel=\"noopener\">ERMA<\/a>\r\n\r\n<a class=\"internal-link\" href=\"http:\/\/www.gerec.fi\/tutkimus\/terveys-toimintakykyisyys-biologinen\/tervaskantojen-lisasivut\/tietoa-tervaskannot-90-tutkimuksesta\">Tervaskannot 90+<\/a>\r\n\r\n<a class=\"external-link\" href=\"http:\/\/www.sia-project.se\/\" target=\"_blank\" rel=\"noopener\">SIA<\/a>\r\n\r\n<\/div>\r\n<\/div>","_fi_post_name":"gerecin-tutkijat-osallistuvat-talla-viikolla-aktiivisesti-alan-kansainvalisiin-ja-kansallisiin-tapahtumiin-2","_fi_post_excerpt":"","_fi_post_title":"GERECin tutkijat osallistuvat t\u00e4ll\u00e4 viikolla aktiivisesti alan kansainv\u00e4lisiin ja kansallisiin tapahtumiin","_en_post_content":"","_en_post_name":"","_en_post_excerpt":"","_en_post_title":"","edit_language":"en","footnotes":""},"categories":[131],"tags":[],"class_list":["post-6035","post","type-post","status-publish","format-standard","hentry","category-tapahtumat","entry","no-media"],"_links":{"self":[{"href":"https:\/\/www.gerec.fi\/en\/wp-json\/wp\/v2\/posts\/6035","targetHints":{"allow":["GET"]}}],"collection":[{"href":"https:\/\/www.gerec.fi\/en\/wp-json\/wp\/v2\/posts"}],"about":[{"href":"https:\/\/www.gerec.fi\/en\/wp-json\/wp\/v2\/types\/post"}],"author":[{"embeddable":true,"href":"https:\/\/www.gerec.fi\/en\/wp-json\/wp\/v2\/users\/1"}],"replies":[{"embeddable":true,"href":"https:\/\/www.gerec.fi\/en\/wp-json\/wp\/v2\/comments?post=6035"}],"version-history":[{"count":1,"href":"https:\/\/www.gerec.fi\/en\/wp-json\/wp\/v2\/posts\/6035\/revisions"}],"predecessor-version":[{"id":6036,"href":"https:\/\/www.gerec.fi\/en\/wp-json\/wp\/v2\/posts\/6035\/revisions\/6036"}],"wp:attachment":[{"href":"https:\/\/www.gerec.fi\/en\/wp-json\/wp\/v2\/media?parent=6035"}],"wp:term":[{"taxonomy":"category","embeddable":true,"href":"https:\/\/www.gerec.fi\/en\/wp-json\/wp\/v2\/categories?post=6035"},{"taxonomy":"post_tag","embeddable":true,"href":"https:\/\/www.gerec.fi\/en\/wp-json\/wp\/v2\/tags?post=6035"}],"curies":[{"name":"wp","href":"https:\/\/api.w.org\/{rel}","templated":true}]}}