{"id":5707,"date":"2014-09-26T17:19:51","date_gmt":"2014-09-26T14:19:51","guid":{"rendered":"https:\/\/gerec.fi\/?p=5707"},"modified":"2018-12-15T17:20:31","modified_gmt":"2018-12-15T15:20:31","slug":"","status":"publish","type":"post","link":"https:\/\/www.gerec.fi\/en\/jari-pirhonen-hyvaa-paivaa\/","title":{"rendered":"","raw":""},"content":{"rendered":"","protected":false,"raw":""},"excerpt":{"rendered":"Juttelin viime syksyn\u00e4 er\u00e4\u00e4ss\u00e4 geriatrisessa sairaalassa yli yhdeks\u00e4nkymment\u00e4vuotiaan naispotilaan kanssa. Tutkijana k\u00e4\u00e4nsin keskustelua osaston \u201dasuinkelpoisuuden\u201d suuntaan, sill\u00e4 monet vanhat ihmiset odottavat sairaalassa pitk\u00e4aikaishoitopaikkaa jopa yli vuoden ajan. Jossakin vaiheessa keskustelukumppanini sanoi kyseisen osaston olevan hyv\u00e4 osasto. Aiemmin h\u00e4n oli ollut&hellip;","protected":false,"raw":""},"author":1,"featured_media":0,"comment_status":"open","ping_status":"open","sticky":false,"template":"","format":"standard","meta":{"_mi_skip_tracking":false,"_fi_post_content":"Juttelin viime syksyn\u00e4 er\u00e4\u00e4ss\u00e4 geriatrisessa sairaalassa yli yhdeks\u00e4nkymment\u00e4vuotiaan naispotilaan kanssa. Tutkijana k\u00e4\u00e4nsin keskustelua osaston \u201dasuinkelpoisuuden\u201d suuntaan, sill\u00e4 monet vanhat ihmiset odottavat sairaalassa pitk\u00e4aikaishoitopaikkaa jopa yli vuoden ajan. Jossakin vaiheessa keskustelukumppanini sanoi kyseisen osaston olevan hyv\u00e4 osasto. Aiemmin h\u00e4n oli ollut samassa sairaalassa huonolla osastolla. Tutkijana tietysti kysyin, mik\u00e4 siit\u00e4 toisesta osastosta teki huonon. Vastaus h\u00e4mmensi; siell\u00e4 ei tervehditty minua. Ei sanottu hyv\u00e4\u00e4 y\u00f6t\u00e4 ja hyv\u00e4\u00e4 huomenta.\r\n\r\nNiin pieni voi olla ero hyv\u00e4n ja huonon hoitopaikan v\u00e4lill\u00e4. Sen edellisen, \u201dhuonomman\u201d osaston hoitajat olisivat tehneet osastosta hyv\u00e4n t\u00e4m\u00e4n asiakkaan silmiss\u00e4 yksinkertaisesti tervehtim\u00e4ll\u00e4 h\u00e4nt\u00e4. Mik\u00e4 parasta, t\u00e4llainen profiilin nosto ei olisi maksanut mit\u00e4\u00e4n. Tuon kommentin j\u00e4lkeen olen kiinnitt\u00e4nyt hoitoymp\u00e4rist\u00f6iss\u00e4 huomiota henkil\u00f6st\u00f6n tapaan kohdata asiakkaita ja heid\u00e4n omaisiaan. P\u00e4\u00e4osin kohtaaminen on asiallista, joskus yst\u00e4v\u00e4llist\u00e4kin, mutta selvi\u00e4 puutteitakin on. Kerran seurasin, kun henkil\u00f6kuntaan kuuluva ihminen avasi vierailulle tuleville omaisille ryhm\u00e4kodin ulko-oven. Tapahtuman tylyys h\u00e4kellytti. Ty\u00f6ntekij\u00e4 ei ottanut tulijoihin katsekontaktia, ei tervehtinyt tai sanonut muutakaan, avasi vain oven ja k\u00e4\u00e4nsi selk\u00e4ns\u00e4. Pohdinnan paikka!\r\n\r\nEn muista, ett\u00e4 l\u00e4hihoitajakoulussa olisi erikseen nostettu esiin yst\u00e4v\u00e4llisen kohtaamisen teemaa. Ehk\u00e4 koulutuksessa luotettiin siihen, ett\u00e4 jokainen on jo kotona saanut sellaisen kasvatuksen, ett\u00e4 ihmisi\u00e4 tervehdit\u00e4\u00e4n ja vanhempia ihmisi\u00e4 erityisesti. Mutta, mutta. Ainakin viimeisimmist\u00e4 Tervaskantohaastatteluista sain kuvan, ett\u00e4 n\u00e4in ei en\u00e4\u00e4 ole. Useat haastateltavat sanoivat, etteiv\u00e4t nuoret en\u00e4\u00e4 tervehdi saati anna bussissa istumapaikkaa. Kohteliaisuus on k\u00e4rsinyt inflaation. Jatkossa pitk\u00e4aikaishoitoon on tuotettava laatua yh\u00e4 pienemmill\u00e4 taloudellisilla resursseilla. Olisiko syyt\u00e4 ottaa hoitajien koulutukseen mukaan erillinen kohteliaan k\u00e4yt\u00f6ksen osio? (Eik\u00e4 olisi pahaksi miss\u00e4\u00e4n koulutuksessa) Laatu voi olla kiinni h\u00e4mm\u00e4stytt\u00e4v\u00e4n pienist\u00e4 tekij\u00f6ist\u00e4.\r\n\r\nN\u00e4kemiin seuraavaan kertaan!\r\n\r\nJari Pirhonen\r\n\r\nTutkijakoulutettava","_fi_post_name":"jari-pirhonen-hyvaa-paivaa","_fi_post_excerpt":"","_fi_post_title":"Jari Pirhonen: Hyv\u00e4\u00e4 p\u00e4iv\u00e4\u00e4!","_en_post_content":"","_en_post_name":"","_en_post_excerpt":"","_en_post_title":"","edit_language":"en","footnotes":""},"categories":[1],"tags":[],"class_list":["post-5707","post","type-post","status-publish","format-standard","hentry","category-yleinen","entry","no-media"],"_links":{"self":[{"href":"https:\/\/www.gerec.fi\/en\/wp-json\/wp\/v2\/posts\/5707","targetHints":{"allow":["GET"]}}],"collection":[{"href":"https:\/\/www.gerec.fi\/en\/wp-json\/wp\/v2\/posts"}],"about":[{"href":"https:\/\/www.gerec.fi\/en\/wp-json\/wp\/v2\/types\/post"}],"author":[{"embeddable":true,"href":"https:\/\/www.gerec.fi\/en\/wp-json\/wp\/v2\/users\/1"}],"replies":[{"embeddable":true,"href":"https:\/\/www.gerec.fi\/en\/wp-json\/wp\/v2\/comments?post=5707"}],"version-history":[{"count":1,"href":"https:\/\/www.gerec.fi\/en\/wp-json\/wp\/v2\/posts\/5707\/revisions"}],"predecessor-version":[{"id":5708,"href":"https:\/\/www.gerec.fi\/en\/wp-json\/wp\/v2\/posts\/5707\/revisions\/5708"}],"wp:attachment":[{"href":"https:\/\/www.gerec.fi\/en\/wp-json\/wp\/v2\/media?parent=5707"}],"wp:term":[{"taxonomy":"category","embeddable":true,"href":"https:\/\/www.gerec.fi\/en\/wp-json\/wp\/v2\/categories?post=5707"},{"taxonomy":"post_tag","embeddable":true,"href":"https:\/\/www.gerec.fi\/en\/wp-json\/wp\/v2\/tags?post=5707"}],"curies":[{"name":"wp","href":"https:\/\/api.w.org\/{rel}","templated":true}]}}