{"id":502,"date":"2018-12-11T20:24:48","date_gmt":"2018-12-11T20:24:48","guid":{"rendered":"https:\/\/gerec.fi\/2018\/12\/11\/agnes-d1\/"},"modified":"2018-12-11T20:24:48","modified_gmt":"2018-12-11T20:24:48","slug":"","status":"publish","type":"post","link":"https:\/\/www.gerec.fi\/en\/agnes-d1\/","title":{"rendered":"","raw":""},"content":{"rendered":"","protected":false,"raw":""},"excerpt":{"rendered":"Aktiivisena vanheneminen \u2013 resilienssi ja ulkoinen tuki toiminnanvajauksia modifioivina tekij\u00f6in\u00e4 (AGNES) \/ Taina Rantanen T\u00e4m\u00e4n tutkimuksen tarkoitus on kehitt\u00e4\u00e4 aktiivisena vanhenemisen arviointimenetelm\u00e4 ja sen j\u00e4lkeen tutkia, mitk\u00e4 seikat ennustavat aktiivisena vanhenemista. Hanke toteutetaan vuosina 2016 - 2021. Tutkimuksessa toteutetaan aktiivisena&hellip;","protected":false,"raw":""},"author":1,"featured_media":0,"comment_status":"open","ping_status":"open","sticky":false,"template":"","format":"standard","meta":{"_mi_skip_tracking":false,"_fi_post_content":"<div id=\"articleHeader\"><h1>                    Aktiivisena vanheneminen \u2013 resilienssi ja ulkoinen tuki toiminnanvajauksia modifioivina tekij\u00f6in\u00e4 (AGNES) \/ Taina Rantanen                <\/h1><\/div>                                                                                                                                                                                                                                                                                                                                            <div id=\"content-core\">                                                     <div id=\"parent-fieldname-text-1e3c9a43591a441bb6b41c040bd37621\">            <p>T\u00e4m\u00e4n tutkimuksen tarkoitus on kehitt\u00e4\u00e4 aktiivisena vanhenemisen arviointimenetelm\u00e4 ja sen j\u00e4lkeen tutkia, mitk\u00e4 seikat ennustavat aktiivisena vanhenemista. Hanke toteutetaan vuosina 2016 - 2021. Tutkimuksessa toteutetaan aktiivisena vanhenemista edist\u00e4v\u00e4 neuvontainterventio ja testataan sen vaikuttavuutta ja toteuttamiskelpoisuutta. Tutkimuksen taustalla on havainto, ett\u00e4 aktiivisena vanhenemisen tutkimus tarvitsee k\u00e4sitteellist\u00e4 kehitt\u00e4mist\u00e4 edisty\u00e4kseen. Hankkeessa ker\u00e4t\u00e4\u00e4n noin tuhannen 75-, 80- ja 85-vuotiaan henkil\u00f6n aineisto. T\u00e4st\u00e4 kohortista rekrytoidaan 200 henkil\u00f6\u00e4 neuvontainterventioon.<\/p><p><b>Rahoittajat<br \/><\/b>Suomen Akatemia ja Euroopan tutkimusneuvosto<\/p><p><b>Vastuullinen tutkija<br \/><\/b>Professori <a href=\"http:\/\/www.jyu.fi\/sport\/laitokset\/terveys\/henkilokunta\/rantanen-taina\"  target=\"_blank\">Taina Rantanen<\/a>, Gerontologian tutkimuskeskus, Liikuntatieteellinen tiedekunta, Jyv\u00e4skyl\u00e4n yliopisto<\/p><p><a href=\"http:\/\/www.gerec.fi\/tutkimus\/terveys-toimintakyky\/agnes\"  target=\"_blank\">Tutkimuksen sivut<\/a><\/p>                    <\/div>                                                                                                                      ","_fi_post_name":"agnes-d1","_fi_post_excerpt":"","_fi_post_title":"Aktiivisena vanheneminen \u2013 resilienssi ja ulkoinen tuki toiminnanvajauksia modifioivina tekij\u00f6in\u00e4 (AGNES) \/ Taina Rantanen","_en_post_content":"","_en_post_name":"","_en_post_excerpt":"","_en_post_title":"","edit_language":"en","footnotes":""},"categories":[1],"tags":[],"class_list":["post-502","post","type-post","status-publish","format-standard","hentry","category-yleinen","entry","no-media"],"_links":{"self":[{"href":"https:\/\/www.gerec.fi\/en\/wp-json\/wp\/v2\/posts\/502","targetHints":{"allow":["GET"]}}],"collection":[{"href":"https:\/\/www.gerec.fi\/en\/wp-json\/wp\/v2\/posts"}],"about":[{"href":"https:\/\/www.gerec.fi\/en\/wp-json\/wp\/v2\/types\/post"}],"author":[{"embeddable":true,"href":"https:\/\/www.gerec.fi\/en\/wp-json\/wp\/v2\/users\/1"}],"replies":[{"embeddable":true,"href":"https:\/\/www.gerec.fi\/en\/wp-json\/wp\/v2\/comments?post=502"}],"version-history":[{"count":0,"href":"https:\/\/www.gerec.fi\/en\/wp-json\/wp\/v2\/posts\/502\/revisions"}],"wp:attachment":[{"href":"https:\/\/www.gerec.fi\/en\/wp-json\/wp\/v2\/media?parent=502"}],"wp:term":[{"taxonomy":"category","embeddable":true,"href":"https:\/\/www.gerec.fi\/en\/wp-json\/wp\/v2\/categories?post=502"},{"taxonomy":"post_tag","embeddable":true,"href":"https:\/\/www.gerec.fi\/en\/wp-json\/wp\/v2\/tags?post=502"}],"curies":[{"name":"wp","href":"https:\/\/api.w.org\/{rel}","templated":true}]}}