{"id":497,"date":"2018-12-11T20:24:48","date_gmt":"2018-12-11T20:24:48","guid":{"rendered":"https:\/\/gerec.fi\/2018\/12\/11\/muuttaminen-ja-toimijuus-vanhetessa\/"},"modified":"2018-12-11T20:24:48","modified_gmt":"2018-12-11T20:24:48","slug":"","status":"publish","type":"post","link":"https:\/\/www.gerec.fi\/en\/muuttaminen-ja-toimijuus-vanhetessa\/","title":{"rendered":"","raw":""},"content":{"rendered":"","protected":false,"raw":""},"excerpt":{"rendered":"Monitieteisess\u00e4 tutkimuksessa yhdistyv\u00e4t sosiaaligerontologinen, sosiologinen, terveystieteellinen ja yhteiskuntapoliittinen n\u00e4k\u00f6kulma. Tutkimuksessa tarkastellaan vanhojen ihmisten asumis- ja muuttoratkaisuihin liittyv\u00e4\u00e4 p\u00e4\u00e4t\u00f6ksentekoa ja p\u00e4\u00e4t\u00f6ksiin liittyvi\u00e4 perusteluja. Tutkimus kiinnitt\u00e4\u00e4 siten erityisesti huomiota siihen kuka tai ketk\u00e4 kuvataan p\u00e4\u00e4t\u00f6ksentekij\u00f6in\u00e4 asumisratkaisuissa ja millaisen merkityksen muuttop\u00e4\u00e4t\u00f6ksiss\u00e4 saavat mm.&hellip;","protected":false,"raw":""},"author":1,"featured_media":0,"comment_status":"open","ping_status":"open","sticky":false,"template":"","format":"standard","meta":{"_mi_skip_tracking":false,"_fi_post_content":"<div id=\"articleHeader\"><\/div>                                                                                                                                                                                                                                                                                                                                                                                                             <p>Monitieteisess\u00e4 tutkimuksessa yhdistyv\u00e4t sosiaaligerontologinen, sosiologinen, terveystieteellinen ja yhteiskuntapoliittinen n\u00e4k\u00f6kulma. Tutkimuksessa tarkastellaan vanhojen ihmisten asumis- ja muuttoratkaisuihin liittyv\u00e4\u00e4 p\u00e4\u00e4t\u00f6ksentekoa ja p\u00e4\u00e4t\u00f6ksiin liittyvi\u00e4 perusteluja. Tutkimus kiinnitt\u00e4\u00e4 siten erityisesti huomiota siihen kuka tai ketk\u00e4 kuvataan p\u00e4\u00e4t\u00f6ksentekij\u00f6in\u00e4 asumisratkaisuissa ja millaisen merkityksen muuttop\u00e4\u00e4t\u00f6ksiss\u00e4 saavat mm. asumisymp\u00e4rist\u00f6, sosiaaliset suhteet, terveys ja oma ik\u00e4. Tutkimuksessa hy\u00f6dynnet\u00e4\u00e4n aineistoja Jyv\u00e4skyl\u00e4n yliopiston Muuttaminen ja vanhuus: Asumisen ja hoivan siirtymi\u00e4-tutkimuksesta (MOVAGE 2011-2015). Tutkimuksen teoreettisena tavoitteena on asumispolku-, toimijuus- ja identiteetti-k\u00e4sitteiden soveltaminen vanhojen ihmisten asumistutkimukseen. Lis\u00e4ksi tutkimus tuottaa tietoa vanhojen ihmisten muuttamiseen liittyvist\u00e4 toiveista ja muuttop\u00e4\u00e4t\u00f6sten perusteluista asuntopolitiikan ja yhteiskuntapolitiikan suunnitteluun.<\/p><p>Tutkimushankkeeseen sis\u00e4ltyy useita liikkuvuusjaksoja (University of Link\u00f6ping, University of Leeds, National Yang-Ming University, University of New South-Wales). Hanke toteutetaan 1.1.2012 \u2013 37.7.2014 v\u00e4lisen\u00e4 aikana.<\/p><p><b>Vastuullinen tutkija<\/b><\/p><p>Tutkijatohtori Outi Jolanki, FT, yhteiskuntatieteiden ja filosofian laitos, Jyv\u00e4skyl\u00e4n yliopisto outi.jolanki[at]jyu.fi<\/p><p><b>Hankkeen rahoittaja<\/b><\/p><p>Suomen Akatemia<\/p><p><b>Yhteisty\u00f6tahoja<\/b><\/p><p>Terveyden ja hyvinvoinnin laitos, Sotera (Aalto Yliopisto), Tampereen yliopiston terveystieteen laitos, University of Link\u00f6ping, University of Leeds, National Yang-Ming University, University of New South-Wales<\/p><p><b>Keskeiset julkaisut<\/b><\/p><p>Jolanki, O. (2012) Whose business it is anyway? Distributing responsibilities between family members and formal carers. In <i>Discourse and Responsibility in Professional Settings. <\/i>Eds. J-O \u00d6stman & A. Solin. Series Communication in Organisations and Professions. Equinox Publishing, London. <i>December 2012.<\/i><\/p><p>Jolanki, O. (2009) Agency in talk about old age and health. <i>Journal of Aging Studies<\/i>, 23 (4), 215\u2013226.<\/p><p>Jolanki, O. (2009) Talk about old age, health and morality. In. <i>Valuing Older People. A Humanist Approach to Ageing, <\/i>pp.261-274. Eds. R Edmondson &\u00a0 H-J von Kondratowitz. Policy Press, Bristol.<\/p>                    ","_fi_post_name":"muuttaminen-ja-toimijuus-vanhetessa","_fi_post_excerpt":"","_fi_post_title":"Muuttaminen ja toimijuus vanhetessa","_en_post_content":"","_en_post_name":"","_en_post_excerpt":"","_en_post_title":"","edit_language":"en","footnotes":""},"categories":[1],"tags":[],"class_list":["post-497","post","type-post","status-publish","format-standard","hentry","category-yleinen","entry","no-media"],"_links":{"self":[{"href":"https:\/\/www.gerec.fi\/en\/wp-json\/wp\/v2\/posts\/497","targetHints":{"allow":["GET"]}}],"collection":[{"href":"https:\/\/www.gerec.fi\/en\/wp-json\/wp\/v2\/posts"}],"about":[{"href":"https:\/\/www.gerec.fi\/en\/wp-json\/wp\/v2\/types\/post"}],"author":[{"embeddable":true,"href":"https:\/\/www.gerec.fi\/en\/wp-json\/wp\/v2\/users\/1"}],"replies":[{"embeddable":true,"href":"https:\/\/www.gerec.fi\/en\/wp-json\/wp\/v2\/comments?post=497"}],"version-history":[{"count":0,"href":"https:\/\/www.gerec.fi\/en\/wp-json\/wp\/v2\/posts\/497\/revisions"}],"wp:attachment":[{"href":"https:\/\/www.gerec.fi\/en\/wp-json\/wp\/v2\/media?parent=497"}],"wp:term":[{"taxonomy":"category","embeddable":true,"href":"https:\/\/www.gerec.fi\/en\/wp-json\/wp\/v2\/categories?post=497"},{"taxonomy":"post_tag","embeddable":true,"href":"https:\/\/www.gerec.fi\/en\/wp-json\/wp\/v2\/tags?post=497"}],"curies":[{"name":"wp","href":"https:\/\/api.w.org\/{rel}","templated":true}]}}