{"id":491,"date":"2018-12-11T20:24:47","date_gmt":"2018-12-11T20:24:47","guid":{"rendered":"https:\/\/gerec.fi\/2018\/12\/11\/omaishoiva-tyo-ja-ikaantyminen-ikaantyvat-kansalaiset-ansiotyon-ja-omaishoivan-yhdistajina\/"},"modified":"2018-12-11T20:24:47","modified_gmt":"2018-12-11T20:24:47","slug":"","status":"publish","type":"post","link":"https:\/\/www.gerec.fi\/en\/omaishoiva-tyo-ja-ikaantyminen-ikaantyvat-kansalaiset-ansiotyon-ja-omaishoivan-yhdistajina\/","title":{"rendered":"","raw":""},"content":{"rendered":"","protected":false,"raw":""},"excerpt":{"rendered":"Tutkimuksessa tarkastellaan vuonna 1955 ja sit\u00e4 ennen syntyneiden ty\u00f6ss\u00e4k\u00e4yvien omaishoivaajien el\u00e4m\u00e4ntilanteita ja omia el\u00e4keajan odotuksia. Hankkeessa k\u00e4ytet\u00e4\u00e4n WOCAWO Working Carers and Caring Workers \u2013 Making paid employment and caring responsibilities compatible -projektissa vuonna 2009 tuotettuja puolistrukturoituja haastatteluja.Tutkimus tuottaa uutta tietoa&hellip;","protected":false,"raw":""},"author":1,"featured_media":0,"comment_status":"open","ping_status":"open","sticky":false,"template":"","format":"standard","meta":{"_mi_skip_tracking":false,"_fi_post_content":"<div id=\"articleHeader\"><\/div>                                                                                                                                                                                                                                                                                                                                            <div id=\"content-core\">                                                     <div id=\"parent-fieldname-text-b7ed4361-b581-4236-af45-f723b9b02bd5\">            <p>Tutkimuksessa tarkastellaan vuonna 1955 ja sit\u00e4 ennen syntyneiden ty\u00f6ss\u00e4k\u00e4yvien omaishoivaajien el\u00e4m\u00e4ntilanteita ja omia el\u00e4keajan odotuksia. Hankkeessa k\u00e4ytet\u00e4\u00e4n WOCAWO Working Carers and Caring Workers \u2013 Making paid employment and caring responsibilities compatible -projektissa vuonna 2009 tuotettuja puolistrukturoituja haastatteluja.<\/p><p>Tutkimus tuottaa uutta tietoa ik\u00e4\u00e4ntyvien ty\u00f6ss\u00e4k\u00e4yvien omaishoivaajien kohtaamista arjen haasteista ja heid\u00e4n palveluj\u00e4rjestelmiin, ty\u00f6markkinoiden k\u00e4yt\u00e4nteisiin ja sosiaalisiin verkostoihin toivomista muutoksista. Tavoitteena on tuottaa tietoa, joka auttaa ymm\u00e4rt\u00e4m\u00e4\u00e4n miten keski-ik\u00e4iset ja ik\u00e4\u00e4ntyv\u00e4t ihmiset voivat hoitaa l\u00e4heisi\u00e4\u00e4n ja yhdist\u00e4\u00e4 ansioty\u00f6n ja omaishoivan tavalla, joka vastaa heid\u00e4n omia arvojaan ja el\u00e4keajan odotuksiaan.<\/p><p>Hanke toteutetaan 1.1.2010\u201331.12.2012 v\u00e4lisen\u00e4 aikana. Tutkimushankkeeseen on sis\u00e4ltynyt liikkuvuusjakso Keelen yliopistossa (15.8.\u201316.12.2011).<\/p><p><b>Vastuullinen tutkija:<\/b><\/p><p>Tutkijatohtori Anu Leinonen, <a href=\"mailto:\/\/anu.m.leinonen@jyu.fi\"  target=\"_blank\">anu.m.leinonen@jyu.fi<\/a> yhteiskuntatieteiden ja filosofian laitos, Jyv\u00e4skyl\u00e4n yliopisto<\/p><p><b>Hankkeen rahoittaja:<\/b><\/p><p><b>Suomen Akatemia (2010\u20132012)<\/b><\/p><p><b>Yhteisty\u00f6tahoja:<\/b><\/p><p>WOCAWO Working Carers \u2013 Caring Workers -projektin (SA 2008\u20132011) tutkijat<\/p><p>Keele University, UK (Centre for Social Gerontology, prof. Chris Phillipson)<\/p><p><b>Keskeiset julkaisut:<\/b><\/p><p>Leinonen, Anu (2011) Adult children and parental caregiving: making sense of participation patterns among siblings. Ageing & Society 31 (2), 308\u2013327. doi:10.1017\/S0144686X10001042<\/p><p>Leinonen, Anu (2011) Informal family carers and lack of personal time: Descriptions of being outside the sphere of formal help. Nordic Social Work Research 1 (2), 91\u2013108. doi: 10.1080\/2156857X.2011.601142<\/p><p>Leinonen, Anu (2011) Masters of their own time? Working carers\u2019 visions of retirement. European Journal of Ageing 8 (4), 243-253. doi:10.1007\/s10433-011-0200-x<\/p>                    <\/div>                                                                                                                          ","_fi_post_name":"omaishoiva-tyo-ja-ikaantyminen-ikaantyvat-kansalaiset-ansiotyon-ja-omaishoivan-yhdistajina","_fi_post_excerpt":"","_fi_post_title":"Omaishoiva, ty\u00f6 ja ik\u00e4\u00e4ntyminen: ik\u00e4\u00e4ntyv\u00e4t kansalaiset ansioty\u00f6n ja omaishoivan yhdist\u00e4jin\u00e4","_en_post_content":"","_en_post_name":"","_en_post_excerpt":"","_en_post_title":"","edit_language":"en","footnotes":""},"categories":[1],"tags":[],"class_list":["post-491","post","type-post","status-publish","format-standard","hentry","category-yleinen","entry","no-media"],"_links":{"self":[{"href":"https:\/\/www.gerec.fi\/en\/wp-json\/wp\/v2\/posts\/491","targetHints":{"allow":["GET"]}}],"collection":[{"href":"https:\/\/www.gerec.fi\/en\/wp-json\/wp\/v2\/posts"}],"about":[{"href":"https:\/\/www.gerec.fi\/en\/wp-json\/wp\/v2\/types\/post"}],"author":[{"embeddable":true,"href":"https:\/\/www.gerec.fi\/en\/wp-json\/wp\/v2\/users\/1"}],"replies":[{"embeddable":true,"href":"https:\/\/www.gerec.fi\/en\/wp-json\/wp\/v2\/comments?post=491"}],"version-history":[{"count":0,"href":"https:\/\/www.gerec.fi\/en\/wp-json\/wp\/v2\/posts\/491\/revisions"}],"wp:attachment":[{"href":"https:\/\/www.gerec.fi\/en\/wp-json\/wp\/v2\/media?parent=491"}],"wp:term":[{"taxonomy":"category","embeddable":true,"href":"https:\/\/www.gerec.fi\/en\/wp-json\/wp\/v2\/categories?post=491"},{"taxonomy":"post_tag","embeddable":true,"href":"https:\/\/www.gerec.fi\/en\/wp-json\/wp\/v2\/tags?post=491"}],"curies":[{"name":"wp","href":"https:\/\/api.w.org\/{rel}","templated":true}]}}