{"id":487,"date":"2018-12-11T20:24:47","date_gmt":"2018-12-11T20:24:47","guid":{"rendered":"https:\/\/gerec.fi\/2018\/12\/11\/hoiva-20ja-20palvelut\/"},"modified":"2018-12-11T20:24:47","modified_gmt":"2018-12-11T20:24:47","slug":"","status":"publish","type":"post","link":"https:\/\/www.gerec.fi\/en\/hoiva-20ja-20palvelut\/","title":{"rendered":"","raw":""},"content":{"rendered":"","protected":false,"raw":""},"excerpt":{"rendered":"Yleistyv\u00e4 pitk\u00e4ik\u00e4isyys ja sosiaali- ja terveyspalvelujen uudet haasteet (COCTEL) Yksil\u00f6llisesti suunnitellun interventio-ohjelman vaikutukset vanhainkotiasukkaiden toimintakykyyn Geriatrisen palveluketjun toimivuus ja laatu Omaishoiva, ty\u00f6 ja ik\u00e4\u00e4ntyminen: ik\u00e4\u00e4ntyv\u00e4t kansalaiset ansioty\u00f6n ja omaishoivan yhdist\u00e4jin\u00e4 Asumisen uudet vaihtoehdot ja hyv\u00e4 vanhuus (ASUVA) ASUVA (Asumisen uudet&hellip;","protected":false,"raw":""},"author":1,"featured_media":0,"comment_status":"open","ping_status":"open","sticky":false,"template":"","format":"standard","meta":{"_mi_skip_tracking":false,"_fi_post_content":"<div id=\"articleHeader\"><\/div>                                                                                                                                                                                                                                                                                                                                                                                                     <dt>                    <span>                                                <a href=\"http:\/\/www.gerec.fi\/tutkimus\/Hoiva%20ja%20palvelut\/yleistyva-pitkaikaisyys-ja-sosiaali-ja-terveyspalvelujen-uudet-haasteet-coctel\"  target=\"_blank\">Yleistyv\u00e4 pitk\u00e4ik\u00e4isyys ja sosiaali- ja terveyspalvelujen uudet haasteet (COCTEL) <\/a>                    <\/span>                                    <\/dt>                                                                                                            <dt>                    <span>                                                <a href=\"http:\/\/www.gerec.fi\/tutkimus\/Hoiva%20ja%20palvelut\/yksilollisesti-suunnitellun-interventio-ohjelman-vaikutukset-vanhainkotiasukkaiden-toimintakykyyn\"  target=\"_blank\">Yksil\u00f6llisesti suunnitellun interventio-ohjelman vaikutukset vanhainkotiasukkaiden toimintakykyyn<\/a>                    <\/span>                                    <\/dt>                                                                                                            <dt>                    <span>                                                <a href=\"http:\/\/www.gerec.fi\/tutkimus\/Hoiva%20ja%20palvelut\/geriatrisen-palveluketjun\"  target=\"_blank\">Geriatrisen palveluketjun toimivuus ja laatu<\/a>                    <\/span>                                    <\/dt>                                                                                                            <dt>                    <span>                                                <a href=\"http:\/\/www.gerec.fi\/tutkimus\/Hoiva%20ja%20palvelut\/omaishoiva-tyo-ja-ikaantyminen-ikaantyvat-kansalaiset-ansiotyon-ja-omaishoivan-yhdistajina\"  target=\"_blank\">Omaishoiva, ty\u00f6 ja ik\u00e4\u00e4ntyminen: ik\u00e4\u00e4ntyv\u00e4t kansalaiset ansioty\u00f6n ja omaishoivan yhdist\u00e4jin\u00e4<\/a>                    <\/span>                                    <\/dt>                                                                                                            <dt>                    <span>                                                <a href=\"http:\/\/www.gerec.fi\/tutkimus\/Hoiva%20ja%20palvelut\/asumisen-uudet-vaihtoehdot-ja-hyva-vanhuus-asuva\"  target=\"_blank\">Asumisen uudet vaihtoehdot ja hyv\u00e4 vanhuus (ASUVA)<\/a>                    <\/span>                                    <\/dt>                                    <span>ASUVA (Asumisen uudet vaihtoehdot ja hyv\u00e4 vanhuus) tutkimus ja kehitt\u00e4mishanke saa rahoituksensa Valtioneuvoston kanslian VN-TEAS rahoituksesta (248.000\u20ac) ja sen kesto on 6\/2016 \u2013 2\/2017. Kilpailuun osallistui 11 hakemusta, joista ASUVA-hanke sai kaikilta arvioitsijoilta korkeimmat pisteet. <\/span>                ","_fi_post_name":"hoiva-20ja-20palvelut","_fi_post_excerpt":"","_fi_post_title":"Hoiva ja palvelut","_en_post_content":"","_en_post_name":"","_en_post_excerpt":"","_en_post_title":"","edit_language":"en","footnotes":""},"categories":[1],"tags":[],"class_list":["post-487","post","type-post","status-publish","format-standard","hentry","category-yleinen","entry","no-media"],"_links":{"self":[{"href":"https:\/\/www.gerec.fi\/en\/wp-json\/wp\/v2\/posts\/487","targetHints":{"allow":["GET"]}}],"collection":[{"href":"https:\/\/www.gerec.fi\/en\/wp-json\/wp\/v2\/posts"}],"about":[{"href":"https:\/\/www.gerec.fi\/en\/wp-json\/wp\/v2\/types\/post"}],"author":[{"embeddable":true,"href":"https:\/\/www.gerec.fi\/en\/wp-json\/wp\/v2\/users\/1"}],"replies":[{"embeddable":true,"href":"https:\/\/www.gerec.fi\/en\/wp-json\/wp\/v2\/comments?post=487"}],"version-history":[{"count":0,"href":"https:\/\/www.gerec.fi\/en\/wp-json\/wp\/v2\/posts\/487\/revisions"}],"wp:attachment":[{"href":"https:\/\/www.gerec.fi\/en\/wp-json\/wp\/v2\/media?parent=487"}],"wp:term":[{"taxonomy":"category","embeddable":true,"href":"https:\/\/www.gerec.fi\/en\/wp-json\/wp\/v2\/categories?post=487"},{"taxonomy":"post_tag","embeddable":true,"href":"https:\/\/www.gerec.fi\/en\/wp-json\/wp\/v2\/tags?post=487"}],"curies":[{"name":"wp","href":"https:\/\/api.w.org\/{rel}","templated":true}]}}