{"id":484,"date":"2018-12-11T20:24:47","date_gmt":"2018-12-11T20:24:47","guid":{"rendered":"https:\/\/gerec.fi\/2018\/12\/11\/dewoage\/"},"modified":"2018-12-11T20:24:47","modified_gmt":"2018-12-11T20:24:47","slug":"","status":"publish","type":"post","link":"https:\/\/www.gerec.fi\/en\/dewoage\/","title":{"rendered":"","raw":""},"content":{"rendered":"","protected":false,"raw":""},"excerpt":{"rendered":"Varhaisen fyysisen kasvun ja kehityksen yhteys ty\u00f6uraan vanhuuden terveyden ja toimintakyvyn m\u00e4\u00e4ritt\u00e4j\u00e4n\u00e4 \u2013 El\u00e4m\u00e4nkulun epidemiologian n\u00e4k\u00f6kulma (DEWOAGE) \u2014 Gerontologian tutkimuskeskus Varhaisen fyysisen kasvun ja kehityksen yhteys ty\u00f6uraan vanhuuden terveyden ja toimintakyvyn m\u00e4\u00e4ritt\u00e4j\u00e4n\u00e4 \u2013 El\u00e4m\u00e4nkulun epidemiologian n\u00e4k\u00f6kulma (DEWOAGE) Varhaisen kasvun ja&hellip;","protected":false,"raw":""},"author":1,"featured_media":0,"comment_status":"open","ping_status":"open","sticky":false,"template":"","format":"standard","meta":{"_mi_skip_tracking":false,"_fi_post_content":"<div id=\"articleHeader\"><h1>Varhaisen fyysisen kasvun ja kehityksen yhteys ty\u00f6uraan vanhuuden terveyden ja toimintakyvyn m\u00e4\u00e4ritt\u00e4j\u00e4n\u00e4 \u2013 El\u00e4m\u00e4nkulun epidemiologian n\u00e4k\u00f6kulma (DEWOAGE) \u2014 Gerontologian tutkimuskeskus<\/h1><\/div>                                                                                                                                                                                                                                    Varhaisen fyysisen kasvun ja kehityksen yhteys ty\u00f6uraan vanhuuden terveyden ja toimintakyvyn m\u00e4\u00e4ritt\u00e4j\u00e4n\u00e4 \u2013 El\u00e4m\u00e4nkulun epidemiologian n\u00e4k\u00f6kulma (DEWOAGE)                                                                                                                                                                                                                                                                                                                                                            <div id=\"content-core\">                                                     <div id=\"parent-fieldname-text-d6b10dc0-b772-4ce8-808d-6affe9105a4d\">            <p style=\"text-align: left; \">Varhaisen kasvun ja kehityksen vaikutuksesta ty\u00f6uraan ja niiden yhteydest\u00e4 vanhuuteen tiedet\u00e4\u00e4n v\u00e4h\u00e4n. Tutkimuksessa tarkastellaan el\u00e4m\u00e4n kulun n\u00e4k\u00f6kulmasta varhaisen fyysisen kasvun ja kehityksen ja ty\u00f6uran ja el\u00e4k\u00f6itymisen yhteytt\u00e4 vanhuuden terveyteen ja fyysiseen toimintakykyyn. Tutkimuksessa k\u00e4ytet\u00e4\u00e4n mm. kolmea pitkitt\u00e4isaineistoa joissa seuruuaika on jopa 70 vuotta: Helsinki Birth Cohort Study, National Survey of Health and Development ja Finnish Longitudinal Study of Ageing Municipal Employees.<\/p><p style=\"text-align: left; \">Yhdist\u00e4m\u00e4ll\u00e4 n\u00e4m\u00e4 tutkimusalueet tuotetaan uutta ainutlaatuista tietoa jonka avulla voidaan ymm\u00e4rt\u00e4\u00e4 el\u00e4m\u00e4n kulun epidemiologian n\u00e4k\u00f6kulmasta varhaisen kasvun yhteytt\u00e4 elinaikaiseen sosioekonomiseen asemaan, ty\u00f6uraan ja vanhuuden terveyteen ja toimintakykyyn. Tutkimuksessa tuotetaan useita tieteellisi\u00e4 artikkeleita.<\/p><p style=\"text-align: left; \"><b>Vastuullinen tutkija<\/b><\/p><p style=\"text-align: left; \">Yliopistotutkija, Dosentti\u00a0Mikaela von Bonsdorff, mikaela.vonbonsdorff[at]jyu.fi, terveystieteiden laitos, Jyv\u00e4skyl\u00e4n yliopisto<\/p><p style=\"text-align: left; \"><b>Yhteisty\u00f6tahoja<\/b><\/p><p style=\"text-align: left; \">Yleisl\u00e4\u00e4ketieteen yksikk\u00f6, Helsingin yliopisto<\/p><p style=\"text-align: left; \">Unit for Lifelong Health and Ageing, Medical Research Council, London, UK<\/p><p style=\"text-align: left; \">National Institute on Aging, Laboratory of Epidemiology, Demography and Biometry, National Institutes of Health, Bethesda, MD, USA<\/p><p style=\"text-align: left; \">Ty\u00f6terveyslaitos, Helsinki<\/p><p style=\"text-align: left; \"><b>Keskeiset julkaisut<\/b><\/p><p style=\"text-align: left; \">von Bonsdorff MB, Rantanen T, Sipil\u00e4 S, Salonen MK, Kajantie E, Osmond C, Barker DJP, Eriksson JG<i>. Birth Size and Childhood Growth as Determinants of Physical Functioning in Older Age: the Helsinki Birth Cohort Study.<\/i> American Journal of Epidemiology 2011;174:1336-44.<\/p><p style=\"text-align: left; \">von Bonsdorff MB, Muller M, Aspelund T, Garcia M, Eiriksdottir G, Rantanen T, Gunnarsdottir I, Birgisdottir BE, Thorsdottir I, Sigurdsson G, Gudnason V, Launer L, Harris TB for the AGES-Reykjavik Study Group. <i>Persistence of the effect of body size at birth on dysglycaemia and type 2 diabetes in old age: the AGES-Reykjavik Study.<\/i> AGE\u00a0<span>2013;24:475-9<\/span>.<\/p><p style=\"text-align: left; \">von Bonsdorff MB, Groffen D, Vidal JS, Rantanen T, Aspelund T, Garcia M, Eiriksdottir G, Sigeirsdottir K, Launer\u00a0 L, Gudnason V, Harris TB for the AGES-Reykjavik Study Group. <i>Coronary artery calcium and physical performance as determinants of mortality in old age: the AGES-Reykjavik Study.<\/i> International Journal of Cardiology 2013;168:2094-9.<\/p><p style=\"text-align: left; \"><span><span>von Bonsdorff MB, von Bonsdorff ME, T\u00f6rm\u00e4kangas T, Kulmala J, Seitsamo J, Leino-Arjas P, Nyg\u00e5rd CH, Ilmarinen J, Rantanen T. Mental and physical job strain in midlife and use of hospital care in later life: A 28-year prospective follow-up. Age & Ageing 2014;43:393-9.<\/span><\/span><\/p><p style=\"text-align: left; \"><span>von Bonsdorff MB, T\u00f6rm\u00e4kangas T, Rantanen T, Salonen MK, Osmond C, Kajantie E, Eriksson JG. Early life body mass trajectories and mortality in older age: findings from the Helsinki Birth Cohort Study. Annals of Medicine 2014, DOI:10.3109\/07853890.2014.963664. <\/span><\/p><p style=\"text-align: left; \"><span>von Bonsdorff MB, Cooper R, Kuh D. Job demand and control in midlife and physical and mental functioning in early old age \u2013 do childhood factors explain these associations in a British birth cohort? BMJ Open 2014;4:e005578. <\/span><\/p><\/div>                                     <\/div>                                                                                 ","_fi_post_name":"dewoage","_fi_post_excerpt":"","_fi_post_title":"Varhaisen fyysisen kasvun ja kehityksen yhteys ty\u00f6uraan vanhuuden terveyden ja toimintakyvyn m\u00e4\u00e4ritt\u00e4j\u00e4n\u00e4 \u2013 El\u00e4m\u00e4nkulun epidemiologian n\u00e4k\u00f6kulma (DEWOAGE) \u2014 Gerontologian tutkimuskeskus","_en_post_content":"","_en_post_name":"","_en_post_excerpt":"","_en_post_title":"","edit_language":"en","footnotes":""},"categories":[1],"tags":[],"class_list":["post-484","post","type-post","status-publish","format-standard","hentry","category-yleinen","entry","no-media"],"_links":{"self":[{"href":"https:\/\/www.gerec.fi\/en\/wp-json\/wp\/v2\/posts\/484","targetHints":{"allow":["GET"]}}],"collection":[{"href":"https:\/\/www.gerec.fi\/en\/wp-json\/wp\/v2\/posts"}],"about":[{"href":"https:\/\/www.gerec.fi\/en\/wp-json\/wp\/v2\/types\/post"}],"author":[{"embeddable":true,"href":"https:\/\/www.gerec.fi\/en\/wp-json\/wp\/v2\/users\/1"}],"replies":[{"embeddable":true,"href":"https:\/\/www.gerec.fi\/en\/wp-json\/wp\/v2\/comments?post=484"}],"version-history":[{"count":0,"href":"https:\/\/www.gerec.fi\/en\/wp-json\/wp\/v2\/posts\/484\/revisions"}],"wp:attachment":[{"href":"https:\/\/www.gerec.fi\/en\/wp-json\/wp\/v2\/media?parent=484"}],"wp:term":[{"taxonomy":"category","embeddable":true,"href":"https:\/\/www.gerec.fi\/en\/wp-json\/wp\/v2\/categories?post=484"},{"taxonomy":"post_tag","embeddable":true,"href":"https:\/\/www.gerec.fi\/en\/wp-json\/wp\/v2\/tags?post=484"}],"curies":[{"name":"wp","href":"https:\/\/api.w.org\/{rel}","templated":true}]}}