{"id":481,"date":"2018-12-11T20:24:47","date_gmt":"2018-12-11T20:24:47","guid":{"rendered":"https:\/\/gerec.fi\/2018\/12\/11\/ulkoymparisto-osallisuuden-autonomian-ja-hyvinvoinnin-ennustajana-vanhuudessa\/"},"modified":"2018-12-11T20:24:47","modified_gmt":"2018-12-11T20:24:47","slug":"","status":"publish","type":"post","link":"https:\/\/www.gerec.fi\/en\/ulkoymparisto-osallisuuden-autonomian-ja-hyvinvoinnin-ennustajana-vanhuudessa\/","title":{"rendered":"","raw":""},"content":{"rendered":"","protected":false,"raw":""},"excerpt":{"rendered":"Ulkoymp\u00e4rist\u00f6 osallisuuden, autonomian ja hyvinvoinnin ennustajana vanhuudessa. Projektissa tutkitaan ulkoymp\u00e4rist\u00f6n piirteiden vaikutusta i\u00e4kk\u00e4iden ihmisten osallisuuteen, autonomian tunteeseen ja hyvinvointiin ja selvitet\u00e4\u00e4n miten ymp\u00e4rist\u00f6n piirteet selitt\u00e4v\u00e4t toimintakyvyn ja osallistumismahdollisuuksien v\u00e4list\u00e4 yhteytt\u00e4. Hankkeessa ymp\u00e4rist\u00f6\u00e4 tarkastellaan sek\u00e4 yksil\u00f6tasolla koettuina ymp\u00e4rist\u00f6n piirtein\u00e4 ett\u00e4 yhteis\u00f6tasolla&hellip;","protected":false,"raw":""},"author":1,"featured_media":0,"comment_status":"open","ping_status":"open","sticky":false,"template":"","format":"standard","meta":{"_mi_skip_tracking":false,"_fi_post_content":"<div id=\"articleHeader\"><\/div>                                                                                                                                                                                                                                                                                                                                            <div id=\"content-core\">                                                     <div id=\"parent-fieldname-text-d452c581b09d4e2fb5b28fbd9bb909b0\">            <p><b>Ulkoymp\u00e4rist\u00f6 osallisuuden, autonomian ja hyvinvoinnin ennustajana vanhuudessa. <\/b><\/p><p>Projektissa tutkitaan ulkoymp\u00e4rist\u00f6n piirteiden vaikutusta i\u00e4kk\u00e4iden ihmisten osallisuuteen, autonomian tunteeseen ja hyvinvointiin ja selvitet\u00e4\u00e4n miten ymp\u00e4rist\u00f6n piirteet selitt\u00e4v\u00e4t toimintakyvyn ja osallistumismahdollisuuksien v\u00e4list\u00e4 yhteytt\u00e4. Hankkeessa ymp\u00e4rist\u00f6\u00e4 tarkastellaan sek\u00e4 yksil\u00f6tasolla koettuina ymp\u00e4rist\u00f6n piirtein\u00e4 ett\u00e4 yhteis\u00f6tasolla keskittyen asuinalueen deprivaatioon ja infrastruktuuriin. Aineistoina k\u00e4ytet\u00e4\u00e4n kahta laajaa pitkitt\u00e4isaineistoa: Life-space mobility in old age, johon liitet\u00e4\u00e4n uutta ymp\u00e4rist\u00f6aineistoa k\u00e4ytt\u00e4en paikkatietoj\u00e4rjestelm\u00e4\u00e4; sek\u00e4 The North Staffordshire Osteoarthritis projektin aineistoa. Tutkimus toteutetaan Jyv\u00e4skyl\u00e4n yliopistossa Gerontologian tutkimuskeskuksessa ja se sis\u00e4lt\u00e4\u00e4 liikkuvuusjaksoja Keelen Yliopistoon, Staffordshireen, Iso-Britanniaan, sek\u00e4 Lundin yliopistoon, Ruotsiin. Tutkimus tuottaa uutta tieteellist\u00e4 tietoa ymp\u00e4rist\u00f6n vaikutuksesta i\u00e4kk\u00e4iden ihmisten osallistumismahdollisuuksiin, autonomian tunteeseen ja hyvinvointiin.<\/p><p>Kansainv\u00e4linen yhteisty\u00f6<\/p><p>Arthritis Research UK Primary Care Center, Keele University, Staffordshire, Iso-Britannia<\/p><p>Centre for Ageing and Supportive Environments (CASE), Department of Health Sciences, Lund University, Ruotsi<\/p><p>Julkaisuja<\/p><p><span style=\"text-decoration: underline;\">Rantakokko M,<\/span> Iwarsson S, Portegijs E, Viljanen A, Rantanen T. Associations between environmental characteristics and life-space mobility in community-dwelling older people. Journal of Aging and Health 2015 Jun;27(4):606-21<\/p><p><span style=\"text-decoration: underline;\">Rantakokko M<\/span>, Iwarsson S, Vahaluoto S, Portegijs E, Viljanen A, Rantanen T. Perceived environmental barriers to outdoor mobility and loneliness among community-dwelling older people. Journals of Gerontology, Series A; Biological Sciences & Medical Sciences 2014; 69(12):1562-8.<\/p><p><span style=\"text-decoration: underline;\">Rantakokko M<\/span>, Portegijs E, Viljanen A, Iwarsson S, Rantanen T. Life-space mobility and quality of life among community-dwelling older people. Journal of the American Geriatrics Society 2013; 61:1830-1832.<\/p>                    <\/div>                                                                                                                      ","_fi_post_name":"ulkoymparisto-osallisuuden-autonomian-ja-hyvinvoinnin-ennustajana-vanhuudessa","_fi_post_excerpt":"","_fi_post_title":"Ulkoymp\u00e4rist\u00f6 osallisuuden, autonomian ja hyvinvoinnin ennustajana vanhuudessa.","_en_post_content":"","_en_post_name":"","_en_post_excerpt":"","_en_post_title":"","edit_language":"en","footnotes":""},"categories":[1],"tags":[],"class_list":["post-481","post","type-post","status-publish","format-standard","hentry","category-yleinen","entry","no-media"],"_links":{"self":[{"href":"https:\/\/www.gerec.fi\/en\/wp-json\/wp\/v2\/posts\/481","targetHints":{"allow":["GET"]}}],"collection":[{"href":"https:\/\/www.gerec.fi\/en\/wp-json\/wp\/v2\/posts"}],"about":[{"href":"https:\/\/www.gerec.fi\/en\/wp-json\/wp\/v2\/types\/post"}],"author":[{"embeddable":true,"href":"https:\/\/www.gerec.fi\/en\/wp-json\/wp\/v2\/users\/1"}],"replies":[{"embeddable":true,"href":"https:\/\/www.gerec.fi\/en\/wp-json\/wp\/v2\/comments?post=481"}],"version-history":[{"count":0,"href":"https:\/\/www.gerec.fi\/en\/wp-json\/wp\/v2\/posts\/481\/revisions"}],"wp:attachment":[{"href":"https:\/\/www.gerec.fi\/en\/wp-json\/wp\/v2\/media?parent=481"}],"wp:term":[{"taxonomy":"category","embeddable":true,"href":"https:\/\/www.gerec.fi\/en\/wp-json\/wp\/v2\/categories?post=481"},{"taxonomy":"post_tag","embeddable":true,"href":"https:\/\/www.gerec.fi\/en\/wp-json\/wp\/v2\/tags?post=481"}],"curies":[{"name":"wp","href":"https:\/\/api.w.org\/{rel}","templated":true}]}}